{"id":38909,"date":"2024-12-07T04:34:28","date_gmt":"2024-12-07T09:34:28","guid":{"rendered":"https:\/\/www.radiosanctispiritus.cu\/es\/?p=38909"},"modified":"2024-12-06T17:37:36","modified_gmt":"2024-12-06T22:37:36","slug":"martires-internacionalistas-tributo-en-la-memoria","status":"publish","type":"post","link":"https:\/\/www.radiosanctispiritus.cu\/es\/martires-internacionalistas-tributo-en-la-memoria\/","title":{"rendered":"M\u00e1rtires internacionalistas: Tributo en la memoria"},"content":{"rendered":"<p>Vuelvo a retomar las evocadoras palabras de Bertolt Brecht: \u201cHay hombres que luchan un d\u00eda y son buenos. Hay otros que luchan un a\u00f1o y son mejores. Hay quienes luchan muchos a\u00f1os, y son muy buenos. Pero hay los que luchan toda la vida, esos son los imprescindibles\u201d.<\/p>\n<p>Hac\u00eda poco tiempo me hab\u00eda estrenado como reportero en <em>Escambray<\/em>, y recitaba, casi de memoria, los manuales de Periodismo, que planteaban que el periodista deb\u00eda distanciarse de los hechos para ser objetivo.<\/p>\n<p>Ello lo cre\u00ed hasta el 7 de diciembre de 1989, cuando lleg\u00f3 a su fin la Operaci\u00f3n Tributo, que permiti\u00f3 identificar, trasladar de regreso a Cuba y dar sepultura a los restos mortales de los cubanos ca\u00eddos en misiones internacionalistas.<\/p>\n<p>Banderas cubanas cubr\u00edan los ata\u00fades y osarios con los restos de los internacionalistas fallecidos en otras tierras. Y al lado, rosas blancas y rojo p\u00farpura custodiaban la bravura de esos hombres. Muy cerca de ellos, de sus cuerpos, de sus huesos cercenados por la metralla, padres, madres, hijos\u2026 con aquel rictus amargo que a\u00fan contin\u00faa prendido en mi memoria.<\/p>\n<p>No por azar solicit\u00e9 la cobertura period\u00edstica para La Sierpe; el regreso a lo nuestro, enaltece. Ese d\u00eda a todos nos sirvi\u00f3 de cobija la Escuela Secundaria Urbana de la localidad. Con paso silencioso, miles de pobladores acud\u00edan a reverenciar a sus m\u00e1rtires, entre quienes faltaba Alfredo Tom\u00e1s Calzada, primer cubano ca\u00eddo en la batalla de Cangamba, Angola. En representaci\u00f3n de Sancti Sp\u00edritus, los restos mortales de este combatiente se encontraban en el Mausoleo de El Cacahual, en La Habana, en la ceremonia nacional, que presidi\u00f3 Fidel.<\/p>\n<p>Meses despu\u00e9s, este reportero ir\u00eda al encuentro de Iraida, la mam\u00e1 de Alfredo Tom\u00e1s Calzada, en el batey de Natividad. Entre pitazo y pitazo del ingenio, esta mujer, que hab\u00eda participado en la lucha clandestina, me confes\u00f3 que una madre nunca quiere que su hijo parta a la guerra. Y la entend\u00ed; hab\u00eda comprendido las razones desde aquel 7 de diciembre.\u00a0 Justo a las 3 de la tarde, parti\u00f3 el cortejo f\u00fanebre para llevar hasta su \u00faltimo destino, el Pante\u00f3n de los Ca\u00eddos por la Defensa, los restos de los internacionalistas.<\/p>\n<p>Detr\u00e1s de los ata\u00fades y osarios, que reposaban sobre los carros, iba un mar de pueblo, que no escond\u00eda sus l\u00e1grimas, esas mismas que me sorprendieron hace 35 a\u00f1os, cuando, frente a la ruidosa m\u00e1quina de escribir, intentaba rese\u00f1ar la conmoci\u00f3n de mi gente ante sus hijos amados, mientras el toque de silencio los hac\u00eda eternos.<\/p>\n<p>&nbsp;<\/p>\n","protected":false},"excerpt":{"rendered":"<p>El 7 de diciembre de 1989 lleg\u00f3 a su fin la Operaci\u00f3n Tributo, que permiti\u00f3 identificar, trasladar de regreso a Cuba y dar sepultura a los restos mortales de los cubanos ca\u00eddos en misiones internacionalistas.<\/p>\n","protected":false},"author":16,"featured_media":38911,"comment_status":"open","ping_status":"open","sticky":false,"template":"","format":"standard","meta":{"_acf_changed":false,"footnotes":""},"categories":[1],"tags":[50,1409,1411,1410],"coauthors":[],"class_list":["post-38909","post","type-post","status-publish","format-standard","has-post-thumbnail","hentry","category-sancti-spiritus","tag-cuba","tag-martires-internacionalistas","tag-misiones-internacionalistas","tag-operacion-tributo"],"acf":[],"_links":{"self":[{"href":"https:\/\/www.radiosanctispiritus.cu\/es\/wp-json\/wp\/v2\/posts\/38909","targetHints":{"allow":["GET"]}}],"collection":[{"href":"https:\/\/www.radiosanctispiritus.cu\/es\/wp-json\/wp\/v2\/posts"}],"about":[{"href":"https:\/\/www.radiosanctispiritus.cu\/es\/wp-json\/wp\/v2\/types\/post"}],"author":[{"embeddable":true,"href":"https:\/\/www.radiosanctispiritus.cu\/es\/wp-json\/wp\/v2\/users\/16"}],"replies":[{"embeddable":true,"href":"https:\/\/www.radiosanctispiritus.cu\/es\/wp-json\/wp\/v2\/comments?post=38909"}],"version-history":[{"count":0,"href":"https:\/\/www.radiosanctispiritus.cu\/es\/wp-json\/wp\/v2\/posts\/38909\/revisions"}],"wp:featuredmedia":[{"embeddable":true,"href":"https:\/\/www.radiosanctispiritus.cu\/es\/wp-json\/wp\/v2\/media\/38911"}],"wp:attachment":[{"href":"https:\/\/www.radiosanctispiritus.cu\/es\/wp-json\/wp\/v2\/media?parent=38909"}],"wp:term":[{"taxonomy":"category","embeddable":true,"href":"https:\/\/www.radiosanctispiritus.cu\/es\/wp-json\/wp\/v2\/categories?post=38909"},{"taxonomy":"post_tag","embeddable":true,"href":"https:\/\/www.radiosanctispiritus.cu\/es\/wp-json\/wp\/v2\/tags?post=38909"},{"taxonomy":"author","embeddable":true,"href":"https:\/\/www.radiosanctispiritus.cu\/es\/wp-json\/wp\/v2\/coauthors?post=38909"}],"curies":[{"name":"wp","href":"https:\/\/api.w.org\/{rel}","templated":true}]}}