{"id":38839,"date":"2024-12-05T11:31:22","date_gmt":"2024-12-05T16:31:22","guid":{"rendered":"https:\/\/www.radiosanctispiritus.cu\/es\/?p=38839"},"modified":"2024-12-05T14:35:28","modified_gmt":"2024-12-05T19:35:28","slug":"encomia-diaz-canel-labor-de-los-electricos-para-reconexion-del-sistema","status":"publish","type":"post","link":"https:\/\/www.radiosanctispiritus.cu\/es\/encomia-diaz-canel-labor-de-los-electricos-para-reconexion-del-sistema\/","title":{"rendered":"Encomia D\u00edaz-Canel labor de los el\u00e9ctricos para reconexi\u00f3n del sistema"},"content":{"rendered":"<p>El presidente de Cuba, Miguel D\u00edaz-Canel, encomi\u00f3 este jueves la labor de los trabajadores del sector el\u00e9ctrico, quienes lograron restablecer ese servicio en menos de 24 horas, tras la desconexi\u00f3n total del sistema.<\/p>\n<p>En la red social X, el mandatario calific\u00f3 de proeza la tarea de alt\u00edsima precisi\u00f3n realizada desde la madrugada de este mi\u00e9rcoles para resolver la contingencia energ\u00e9tica.<\/p>\n<p>Seguimos trabajando en el Plan de Gobierno aprobado para recuperar el sistema el\u00e9ctrico del pa\u00eds, fuertemente afectado por el genocida bloqueo de Estados Unidos, agreg\u00f3.<\/p>\n<p>El SEN ha sufrido en los \u00faltimos meses importantes afectaciones, que incluyen salidas de servicio, provocando prolongados apagones en toda la isla.<\/p>\n<p>Las autoridades cubanas denuncian las consecuencias en el sector del cerco econ\u00f3mico, comercial y financiero impuesto por Washington al pa\u00eds caribe\u00f1o desde hace m\u00e1s de seis d\u00e9cadas, una pol\u00edtica recrudecida en los \u00faltimos a\u00f1os.<\/p>\n","protected":false},"excerpt":{"rendered":"<p>El presidente de Cuba, Miguel D\u00edaz-Canel, encomi\u00f3 este jueves la labor de los trabajadores del sector el\u00e9ctrico, quienes lograron restablecer ese servicio en menos de 24 horas, tras la desconexi\u00f3n total del sistema.<\/p>\n","protected":false},"author":22,"featured_media":38840,"comment_status":"open","ping_status":"open","sticky":false,"template":"","format":"standard","meta":{"_acf_changed":false,"footnotes":""},"categories":[3,16,8],"tags":[390,240,28,541],"coauthors":[],"class_list":["post-38839","post","type-post","status-publish","format-standard","has-post-thumbnail","hentry","category-cuba","category-economia","category-noticia","tag-electricos","tag-generacion-electrica","tag-miguel-diaz-canel","tag-sistema-electroenergetico-nacional"],"acf":[],"_links":{"self":[{"href":"https:\/\/www.radiosanctispiritus.cu\/es\/wp-json\/wp\/v2\/posts\/38839","targetHints":{"allow":["GET"]}}],"collection":[{"href":"https:\/\/www.radiosanctispiritus.cu\/es\/wp-json\/wp\/v2\/posts"}],"about":[{"href":"https:\/\/www.radiosanctispiritus.cu\/es\/wp-json\/wp\/v2\/types\/post"}],"author":[{"embeddable":true,"href":"https:\/\/www.radiosanctispiritus.cu\/es\/wp-json\/wp\/v2\/users\/22"}],"replies":[{"embeddable":true,"href":"https:\/\/www.radiosanctispiritus.cu\/es\/wp-json\/wp\/v2\/comments?post=38839"}],"version-history":[{"count":0,"href":"https:\/\/www.radiosanctispiritus.cu\/es\/wp-json\/wp\/v2\/posts\/38839\/revisions"}],"wp:featuredmedia":[{"embeddable":true,"href":"https:\/\/www.radiosanctispiritus.cu\/es\/wp-json\/wp\/v2\/media\/38840"}],"wp:attachment":[{"href":"https:\/\/www.radiosanctispiritus.cu\/es\/wp-json\/wp\/v2\/media?parent=38839"}],"wp:term":[{"taxonomy":"category","embeddable":true,"href":"https:\/\/www.radiosanctispiritus.cu\/es\/wp-json\/wp\/v2\/categories?post=38839"},{"taxonomy":"post_tag","embeddable":true,"href":"https:\/\/www.radiosanctispiritus.cu\/es\/wp-json\/wp\/v2\/tags?post=38839"},{"taxonomy":"author","embeddable":true,"href":"https:\/\/www.radiosanctispiritus.cu\/es\/wp-json\/wp\/v2\/coauthors?post=38839"}],"curies":[{"name":"wp","href":"https:\/\/api.w.org\/{rel}","templated":true}]}}