{"id":38746,"date":"2024-12-04T04:05:32","date_gmt":"2024-12-04T09:05:32","guid":{"rendered":"https:\/\/www.radiosanctispiritus.cu\/es\/?p=38746"},"modified":"2024-12-03T21:59:43","modified_gmt":"2024-12-04T02:59:43","slug":"trinifolk-toca-a-las-puertas-de-la-tercera-villa-de-cuba","status":"publish","type":"post","link":"https:\/\/www.radiosanctispiritus.cu\/es\/trinifolk-toca-a-las-puertas-de-la-tercera-villa-de-cuba\/","title":{"rendered":"TriniFolk toca a las puertas de la tercera villa de Cuba"},"content":{"rendered":"<p>El Festival de las Artes Trinifolk tendr\u00e1 lugar del 6 al 9 de diciembre en la tercera villa de Cuba. Este es uno de los eventos m\u00e1s importantes que auspicia el Consejo de las Artes Esc\u00e9nicas de Sancti Sp\u00edritus y reconoce a la danza, seg\u00fan Ana Betancourt, especialista de las artes esc\u00e9nicas.<\/p>\n<p>\u00abEs un evento que tiene sus antecedentes en 1997, gracias a la iniciativa del promotor cultural Juan Gonz\u00e1lez Castro. Fue un espacio condicionado para difundir lo mejor del arte danzario en el territorio espirituano. Ha sufrido cambios y, por diversas situaciones, va por su XVII, la cual se detuvo a partir de la pandemia y luego se retom\u00f3 en 2023. Esta vez, se cerrar\u00e1 un poco debido a la situaci\u00f3n presupuestaria del territorio,\u00bb explic\u00f3 Betancourt.<\/p>\n<p>El evento, que fue grande a nivel nacional y trajo agrupaciones de otras provincias, hoy se sintetiza m\u00e1s hacia el centro regional, es decir, Villa Clara, Cienfuegos y Sancti Sp\u00edritus. \u00abEsta vez, se desarrollar\u00e1 con las agrupaciones del patio, como Leyenda Folk, que estar\u00e1 dedicado a su director por sus 25 de trabajo. Tambi\u00e9n tendremos la agrupaci\u00f3n de Ciego de \u00c1vila,&#8217; que es una comunidad portadora de la danza haitiana y desarrollar\u00e1 talleres de apreciaci\u00f3n y t\u00e9cnica de la danza,\u00bb agreg\u00f3 Betancourt.<\/p>\n<p>Adem\u00e1s de la propuesta danzaria, se ha anunciado la presentaci\u00f3n de teatro para ni\u00f1os, con Dador Teatro y Teatro La Trinidad. \u00abVan a estar presentes todas las artes: la pl\u00e1stica, la m\u00fasica y el teatro. Queremos que el evento crezca un poco m\u00e1s, a pesar de la situaci\u00f3n presupuestaria. Se realizar\u00e1 en la ciudad de Trinidad, donde el turismo es m\u00e1s asiduo y se puede difundir la identidad de nuestro territorio,\u00bb coment\u00f3 Betancourt.<\/p>\n<p>Las actividades incluir\u00e1n presentaciones en el Templo de San L\u00e1zaro, como es habitual en la comunidad del Condado, y en el Palenque\u00a0 de los Congos Reales.<br \/>\n<iframe src=\"https:\/\/www.ivoox.com\/player_ej_136542903_6_1.html?c1=7a0d0b\" width=\"100%\" height=\"200\" frameborder=\"0\" scrolling=\"no\" allowfullscreen=\"allowfullscreen\"><\/iframe><\/p>\n","protected":false},"excerpt":{"rendered":"<p>El Festival de las Artes Trinifolk tendr\u00e1 lugar del 6 al 9 de diciembre en la tercera villa de Cuba.<\/p>\n","protected":false},"author":12,"featured_media":38749,"comment_status":"open","ping_status":"open","sticky":false,"template":"","format":"standard","meta":{"_acf_changed":false,"footnotes":""},"categories":[6,9],"tags":[1397,1100,1396,40],"coauthors":[],"class_list":["post-38746","post","type-post","status-publish","format-standard","has-post-thumbnail","hentry","category-cultura","category-en-audio","tag-consejo-de-las-artes-escenicas","tag-danza","tag-festival-de-las-artes-trinifolk","tag-trinidad"],"acf":[],"_links":{"self":[{"href":"https:\/\/www.radiosanctispiritus.cu\/es\/wp-json\/wp\/v2\/posts\/38746","targetHints":{"allow":["GET"]}}],"collection":[{"href":"https:\/\/www.radiosanctispiritus.cu\/es\/wp-json\/wp\/v2\/posts"}],"about":[{"href":"https:\/\/www.radiosanctispiritus.cu\/es\/wp-json\/wp\/v2\/types\/post"}],"author":[{"embeddable":true,"href":"https:\/\/www.radiosanctispiritus.cu\/es\/wp-json\/wp\/v2\/users\/12"}],"replies":[{"embeddable":true,"href":"https:\/\/www.radiosanctispiritus.cu\/es\/wp-json\/wp\/v2\/comments?post=38746"}],"version-history":[{"count":0,"href":"https:\/\/www.radiosanctispiritus.cu\/es\/wp-json\/wp\/v2\/posts\/38746\/revisions"}],"wp:featuredmedia":[{"embeddable":true,"href":"https:\/\/www.radiosanctispiritus.cu\/es\/wp-json\/wp\/v2\/media\/38749"}],"wp:attachment":[{"href":"https:\/\/www.radiosanctispiritus.cu\/es\/wp-json\/wp\/v2\/media?parent=38746"}],"wp:term":[{"taxonomy":"category","embeddable":true,"href":"https:\/\/www.radiosanctispiritus.cu\/es\/wp-json\/wp\/v2\/categories?post=38746"},{"taxonomy":"post_tag","embeddable":true,"href":"https:\/\/www.radiosanctispiritus.cu\/es\/wp-json\/wp\/v2\/tags?post=38746"},{"taxonomy":"author","embeddable":true,"href":"https:\/\/www.radiosanctispiritus.cu\/es\/wp-json\/wp\/v2\/coauthors?post=38746"}],"curies":[{"name":"wp","href":"https:\/\/api.w.org\/{rel}","templated":true}]}}