{"id":38605,"date":"2024-12-04T02:21:08","date_gmt":"2024-12-04T07:21:08","guid":{"rendered":"https:\/\/www.radiosanctispiritus.cu\/es\/?p=38605"},"modified":"2024-12-04T10:17:01","modified_gmt":"2024-12-04T15:17:01","slug":"grupo-son-del-yayabo","status":"publish","type":"post","link":"https:\/\/www.radiosanctispiritus.cu\/es\/grupo-son-del-yayabo\/","title":{"rendered":"Grupo Son del Yayabo"},"content":{"rendered":"<p>Nacido en el a\u00f1o 1961, rodeado de verdes llanuras, en el poblado de La Herradura, Sancti spiritus, Carlos Tejeda, Director del Grupo Son del Yayabo se inici\u00f3 muy pronto en el fascinante mundo de la m\u00fasica.<\/p>\n<p>Inculcado por su familia, parrandera y festiva, desde ni\u00f1o acarici\u00f3 los primeros acordes, que en la soledad y el silencio del campo se escuchaban muy lejos.<\/p>\n<p>Y m\u00e1s lejos march\u00f3 un d\u00eda, a la capital, a continuar sus estudios musicales\u00a0 en la Escuela Nacional de Instructores de Arte, de donde egresa en el a\u00f1o 1982.<\/p>\n<p>Ya graduado, se incorpora como Instructor de Arte en La Casa de Cultura Municipal de la cabecera de la Provincia.<\/p>\n<p>El 4 de Diciembre de 1980 se crea en la ciudad el <strong>Septeto Nueva<\/strong> <strong>Generaci\u00f3n<\/strong>, que apadrinado por el <strong>Septeto Espirituano<\/strong>, y en especial por su Director Angel Huelga, sentaba las bases de la continuidad en adolescentes que comienzan a cultivar el son, como sus mayores.<\/p>\n<p>En 1991 por razones de \u00edndole comercial pasa de <strong>Nueva Generaci\u00f3n<\/strong> a nombrarse <strong>Son del Yayabo.<\/strong><strong>\u00a0<\/strong><\/p>\n<p>44 a\u00f1os despu\u00e9s de fundado <strong>Son del Yayabo<\/strong>, quien a\u00fan cuenta con dos de sus fundadores, sigue cultivando con acierto la m\u00fasica tradicional cubana.<\/p>\n<p>La rumba, el son, el chachach\u00e1, el bolero y alg\u00fan que otro g\u00e9nero internacional se encuentran en su repertorio.<\/p>\n<p><img decoding=\"async\" class=\"aligncenter size-full wp-image-38754\" src=\"https:\/\/www.radiosanctispiritus.cu\/es\/wp-content\/uploads\/son-del-yayabo1.jpg\" alt=\"\" width=\"400\" height=\"400\" srcset=\"https:\/\/www.radiosanctispiritus.cu\/es\/wp-content\/uploads\/son-del-yayabo1.jpg 400w, https:\/\/www.radiosanctispiritus.cu\/es\/wp-content\/uploads\/son-del-yayabo1-80x80.jpg 80w, https:\/\/www.radiosanctispiritus.cu\/es\/wp-content\/uploads\/son-del-yayabo1-150x150.jpg 150w\" sizes=\"(max-width: 400px) 100vw, 400px\" \/>M\u00e1s de cuatro d\u00e9cadas manteniendo una l\u00ednea, caracterizada por la introducci\u00f3n primero del viol\u00edn, luego por los clarinetes, y por su voz l\u00edder y fundador Wilfredo Linares, confieren a <strong>Son<\/strong> <strong>del Yayabo<\/strong> un sello de autenticidad irrepetible.<\/p>\n<p>Espirituanos de pura cepa los m\u00fasicos de <strong>Son del Yayabo<\/strong> beben en lo mejor de nuestras ra\u00edces soneras y han llevado el indiscutible sabor cubano a M\u00e9xico y a Venezuela en exitosas giras.<\/p>\n<p>Las aspiraciones de esta agrupaci\u00f3n son las de continuar en la preferencia de su p\u00fablico.<\/p>\n<p>Hoy, a 44 a\u00f1os de su fundaci\u00f3n, aquellos muchachos que una vez crearon un septeto, <strong>Son el Yayabo<\/strong>, so\u00f1ando con la popularidad, la han logrado, y ya forman parte indispensable del patrimonio musical cubano.<\/p>\n","protected":false},"excerpt":{"rendered":"<p>44 a\u00f1os despu\u00e9s de fundado Son del Yayabo, quien a\u00fan cuenta con dos de sus fundadores, sigue cultivando con acierto la m\u00fasica tradicional cubana<\/p>\n","protected":false},"author":163,"featured_media":38753,"comment_status":"open","ping_status":"open","sticky":false,"template":"","format":"standard","meta":{"_acf_changed":false,"footnotes":""},"categories":[1023],"tags":[1372,1371,531],"coauthors":[],"class_list":["post-38605","post","type-post","status-publish","format-standard","has-post-thumbnail","hentry","category-el-balcon-del-soto","tag-carlos-tejeda","tag-grupo-son-del-yayabo","tag-musica"],"acf":[],"_links":{"self":[{"href":"https:\/\/www.radiosanctispiritus.cu\/es\/wp-json\/wp\/v2\/posts\/38605","targetHints":{"allow":["GET"]}}],"collection":[{"href":"https:\/\/www.radiosanctispiritus.cu\/es\/wp-json\/wp\/v2\/posts"}],"about":[{"href":"https:\/\/www.radiosanctispiritus.cu\/es\/wp-json\/wp\/v2\/types\/post"}],"author":[{"embeddable":true,"href":"https:\/\/www.radiosanctispiritus.cu\/es\/wp-json\/wp\/v2\/users\/163"}],"replies":[{"embeddable":true,"href":"https:\/\/www.radiosanctispiritus.cu\/es\/wp-json\/wp\/v2\/comments?post=38605"}],"version-history":[{"count":0,"href":"https:\/\/www.radiosanctispiritus.cu\/es\/wp-json\/wp\/v2\/posts\/38605\/revisions"}],"wp:featuredmedia":[{"embeddable":true,"href":"https:\/\/www.radiosanctispiritus.cu\/es\/wp-json\/wp\/v2\/media\/38753"}],"wp:attachment":[{"href":"https:\/\/www.radiosanctispiritus.cu\/es\/wp-json\/wp\/v2\/media?parent=38605"}],"wp:term":[{"taxonomy":"category","embeddable":true,"href":"https:\/\/www.radiosanctispiritus.cu\/es\/wp-json\/wp\/v2\/categories?post=38605"},{"taxonomy":"post_tag","embeddable":true,"href":"https:\/\/www.radiosanctispiritus.cu\/es\/wp-json\/wp\/v2\/tags?post=38605"},{"taxonomy":"author","embeddable":true,"href":"https:\/\/www.radiosanctispiritus.cu\/es\/wp-json\/wp\/v2\/coauthors?post=38605"}],"curies":[{"name":"wp","href":"https:\/\/api.w.org\/{rel}","templated":true}]}}