{"id":38604,"date":"2024-12-23T04:21:06","date_gmt":"2024-12-23T09:21:06","guid":{"rendered":"https:\/\/www.radiosanctispiritus.cu\/es\/?p=38604"},"modified":"2024-12-23T07:14:23","modified_gmt":"2024-12-23T12:14:23","slug":"marcelo-lamas-un-formidable-laudista","status":"publish","type":"post","link":"https:\/\/www.radiosanctispiritus.cu\/es\/marcelo-lamas-un-formidable-laudista\/","title":{"rendered":"Marcelo Lamas, un formidable Laudista"},"content":{"rendered":"<p>Nacido en San Ambrosio, Escambray, el 23 de Diciembre de 1943, sin una revoluci\u00f3n social y las transformaciones generadas en nuestro pa\u00eds jam\u00e1s hubiese podido dedicarse a la m\u00fasica.<\/p>\n<p>Tractorista y trabajador agr\u00edcola conoci\u00f3 el tres por sus t\u00edos, aficionados a la m\u00fasica.<\/p>\n<p>No es hasta el a\u00f1o 1968 que Marcelo Lamas tiene por primera vez en sus manos un la\u00fad y como \u00e9l mismo expresa popularmente comenz\u00f3 \u201ca darse cabezazos\u201d, de forma autodidacta, hurgando con asombro en aquellas cuerdas que le deparaban sonidos insospechados.<\/p>\n<p>Comienza a formar parte del Grupo <strong>Los Pinares<\/strong>, el colectivo que con sus canciones y poetas se adue\u00f1aba de los campos espirituanos y por muchos a\u00f1os funge como su Director.<\/p>\n<p>El 13 de Enero de 1994 Marcelo crea su propia agrupaci\u00f3n <strong>Los Guanches<\/strong> que luego pasar\u00eda a llamarse <strong>Los Lamas<\/strong>. Con este formato puede al fin dedicarse a compartir los sonidos que lleva adentro y en los que mezcla con acierto el son y la m\u00fasica campesina.<\/p>\n<p>Due\u00f1o de una musicalidad pocas veces vista, compositor, maestro del Tres y el La\u00fad, este m\u00fasico rompe de forma vehemente las falsas barreras entre lo culto y lo popular: Puede recrear un son o una pieza cl\u00e1sica e incluso ha participado, como instrumentista, en Festivales Internacionales de Guitarra.<\/p>\n<p>Marcelo Lamas, confiesa que el La\u00fad es su novia de siempre, largas horas de obligado estudio hacen de este instrumento una parte inseparable de su vida.<\/p>\n<p>Lamas es uno de los m\u00e1s reconocidos Laudistas de Cuba. Este gran m\u00fasico espirituano, es querido por todos porque pese a la gloria no ha dejado de ser aquel guajiro de San Ambrosio, humilde y amistoso que un buen d\u00eda, gracias a la revoluci\u00f3n, descubri\u00f3 la m\u00fasica.<\/p>\n","protected":false},"excerpt":{"rendered":"<p>Marcelo Lamas naci\u00f3 el  23 de Diciembre de 1943<\/p>\n","protected":false},"author":163,"featured_media":39635,"comment_status":"open","ping_status":"open","sticky":false,"template":"","format":"standard","meta":{"_acf_changed":false,"footnotes":""},"categories":[1023],"tags":[1380,1379,531],"coauthors":[],"class_list":["post-38604","post","type-post","status-publish","format-standard","has-post-thumbnail","hentry","category-el-balcon-del-soto","tag-laud","tag-marcelo-lamas","tag-musica"],"acf":[],"_links":{"self":[{"href":"https:\/\/www.radiosanctispiritus.cu\/es\/wp-json\/wp\/v2\/posts\/38604","targetHints":{"allow":["GET"]}}],"collection":[{"href":"https:\/\/www.radiosanctispiritus.cu\/es\/wp-json\/wp\/v2\/posts"}],"about":[{"href":"https:\/\/www.radiosanctispiritus.cu\/es\/wp-json\/wp\/v2\/types\/post"}],"author":[{"embeddable":true,"href":"https:\/\/www.radiosanctispiritus.cu\/es\/wp-json\/wp\/v2\/users\/163"}],"replies":[{"embeddable":true,"href":"https:\/\/www.radiosanctispiritus.cu\/es\/wp-json\/wp\/v2\/comments?post=38604"}],"version-history":[{"count":0,"href":"https:\/\/www.radiosanctispiritus.cu\/es\/wp-json\/wp\/v2\/posts\/38604\/revisions"}],"wp:featuredmedia":[{"embeddable":true,"href":"https:\/\/www.radiosanctispiritus.cu\/es\/wp-json\/wp\/v2\/media\/39635"}],"wp:attachment":[{"href":"https:\/\/www.radiosanctispiritus.cu\/es\/wp-json\/wp\/v2\/media?parent=38604"}],"wp:term":[{"taxonomy":"category","embeddable":true,"href":"https:\/\/www.radiosanctispiritus.cu\/es\/wp-json\/wp\/v2\/categories?post=38604"},{"taxonomy":"post_tag","embeddable":true,"href":"https:\/\/www.radiosanctispiritus.cu\/es\/wp-json\/wp\/v2\/tags?post=38604"},{"taxonomy":"author","embeddable":true,"href":"https:\/\/www.radiosanctispiritus.cu\/es\/wp-json\/wp\/v2\/coauthors?post=38604"}],"curies":[{"name":"wp","href":"https:\/\/api.w.org\/{rel}","templated":true}]}}