{"id":38603,"date":"2024-12-20T04:21:04","date_gmt":"2024-12-20T09:21:04","guid":{"rendered":"https:\/\/www.radiosanctispiritus.cu\/es\/?p=38603"},"modified":"2024-12-01T20:43:54","modified_gmt":"2024-12-02T01:43:54","slug":"la-revista-hero-2","status":"publish","type":"post","link":"https:\/\/www.radiosanctispiritus.cu\/es\/la-revista-hero-2\/","title":{"rendered":"La Revista Hero"},"content":{"rendered":"<p>Sancti Spiritus cont\u00f3 en el Siglo XX, con una revista cultural de alcance Latinoamericano.<\/p>\n<p>La Revista <strong>HERO<\/strong>, vio la luz por vez primera el 20 de Diciembre de 1907 y en su editorial de presentaci\u00f3n dejaba claro que <strong>\u201cNo era una Revista que respond\u00eda a\u00a0 impulsos sino al esp\u00edritu de cultura del pueblo espirituano\u201d .<\/strong><\/p>\n<p>De inmediato la Revista <strong>HERO<\/strong> recibi\u00f3 el respaldo de los cultos habitantes de la Villa, y su Director, Anastasio Fern\u00e1ndez Morera, cont\u00f3 con la ayuda desinteresada de m\u00e1s de una instituci\u00f3n de la ciudad. Fue realmente excepcional que en aquellos tiempos un proyecto editorial como aquel pudiese sobrevivir.<\/p>\n<p>La Revista <strong>HERO<\/strong> abarc\u00f3 todo el \u00e1mbito Latinoamericano y prestigiosos escritores del Continente como Juan de Dios Peza, Gabriela Mistral y Rub\u00e9n Dar\u00edo fueron publicados a orillas del Yayabo. De igual modo los escritores del pa\u00eds y del terru\u00f1o encontraron en estas p\u00e1ginas el veh\u00edculo ideal para promover sus obras entre los \u00e1vidos lectores.<\/p>\n<p>En varios n\u00fameros sucesivos la Revista <strong>HERO<\/strong> puso de manifiesto la\u00a0 vida literaria de Sancti Spiritus y sus p\u00e1ginas acogieron lo m\u00e1s selecto de la cultura, adem\u00e1s de divulgar otros eventos de \u00edndole social.<\/p>\n<p>Un cuidadoso dise\u00f1o, calidad en el formato y en los textos que publicaba caracterizaron a esta revista, que tambi\u00e9n fue reconocida por los m\u00e1s prestigiosos c\u00edrculos intelectuales de nuestro pa\u00eds. En aquel momento se vio con asombro como una peque\u00f1a ciudad era capaz de enfrentar exitosamente tal proyecto cultural.<\/p>\n<p>La Revista <strong>HERO<\/strong> constituye uno de lo acontecimientos sociales m\u00e1s relevantes de nuestra ciudad en el siglo\u00a0 pasado. La publicaci\u00f3n puso de manifiesto ante el mundo la profunda vocaci\u00f3n cultural de los espirituanos y que un sue\u00f1o de tal magnitud no era exclusivo de las grandes urbes.<\/p>\n<p>Cuando dej\u00f3 de publicarse, en el a\u00f1o\u00a0 1913, la revista <strong>Hero<\/strong> dej\u00f3 un inmenso vac\u00edo en las letras del patio, solo cubierto muchos a\u00f1os despu\u00e9s por la Editorial <strong>Luminaria<\/strong>, que se ha encargado de continuar publicando a los escritores espirituanos.<\/p>\n<p>Hoy, que con modernas t\u00e9cnicas de impresi\u00f3n se publican en nuestra provincia algunos libros al a\u00f1o, reconocemos con admiraci\u00f3n el esfuerzo de aquellos intelectuales espirituanos, que hace m\u00e1s de un siglo lanzaron una revista, inscripta con el nombre de <strong>HERO<\/strong>\u00a0 en la historia de las letras latinoamericanas.<strong>\u00a0 <\/strong><\/p>\n","protected":false},"excerpt":{"rendered":"<p>La Revista HERO, vio la luz por vez primera el 20 de Diciembre de 1907 y en su editorial de presentaci\u00f3n dejaba claro que \u201cNo era una Revista que respond\u00eda a\u00a0 impulsos sino al esp\u00edritu de cultura del pueblo espirituano\u201d .<\/p>\n","protected":false},"author":163,"featured_media":38608,"comment_status":"open","ping_status":"open","sticky":false,"template":"","format":"standard","meta":{"_acf_changed":false,"footnotes":""},"categories":[1023],"tags":[1374,1373],"coauthors":[],"class_list":["post-38603","post","type-post","status-publish","format-standard","has-post-thumbnail","hentry","category-el-balcon-del-soto","tag-revista-cultural","tag-revista-hero"],"acf":[],"_links":{"self":[{"href":"https:\/\/www.radiosanctispiritus.cu\/es\/wp-json\/wp\/v2\/posts\/38603","targetHints":{"allow":["GET"]}}],"collection":[{"href":"https:\/\/www.radiosanctispiritus.cu\/es\/wp-json\/wp\/v2\/posts"}],"about":[{"href":"https:\/\/www.radiosanctispiritus.cu\/es\/wp-json\/wp\/v2\/types\/post"}],"author":[{"embeddable":true,"href":"https:\/\/www.radiosanctispiritus.cu\/es\/wp-json\/wp\/v2\/users\/163"}],"replies":[{"embeddable":true,"href":"https:\/\/www.radiosanctispiritus.cu\/es\/wp-json\/wp\/v2\/comments?post=38603"}],"version-history":[{"count":0,"href":"https:\/\/www.radiosanctispiritus.cu\/es\/wp-json\/wp\/v2\/posts\/38603\/revisions"}],"wp:featuredmedia":[{"embeddable":true,"href":"https:\/\/www.radiosanctispiritus.cu\/es\/wp-json\/wp\/v2\/media\/38608"}],"wp:attachment":[{"href":"https:\/\/www.radiosanctispiritus.cu\/es\/wp-json\/wp\/v2\/media?parent=38603"}],"wp:term":[{"taxonomy":"category","embeddable":true,"href":"https:\/\/www.radiosanctispiritus.cu\/es\/wp-json\/wp\/v2\/categories?post=38603"},{"taxonomy":"post_tag","embeddable":true,"href":"https:\/\/www.radiosanctispiritus.cu\/es\/wp-json\/wp\/v2\/tags?post=38603"},{"taxonomy":"author","embeddable":true,"href":"https:\/\/www.radiosanctispiritus.cu\/es\/wp-json\/wp\/v2\/coauthors?post=38603"}],"curies":[{"name":"wp","href":"https:\/\/api.w.org\/{rel}","templated":true}]}}