{"id":38602,"date":"2024-12-14T04:21:03","date_gmt":"2024-12-14T09:21:03","guid":{"rendered":"https:\/\/www.radiosanctispiritus.cu\/es\/?p=38602"},"modified":"2024-12-14T07:14:51","modified_gmt":"2024-12-14T12:14:51","slug":"dia-del-trabajador-de-la-cultura","status":"publish","type":"post","link":"https:\/\/www.radiosanctispiritus.cu\/es\/dia-del-trabajador-de-la-cultura\/","title":{"rendered":"D\u00eda del Trabajador de la Cultura"},"content":{"rendered":"<p>Hoy, 14 de diciembre, celebramos el D\u00eda del Trabajador de la Cultura.<\/p>\n<p>Un 14 de Diciembre, naci\u00f3 Ra\u00fal G\u00f3mez Garc\u00eda, el poeta de la Generaci\u00f3n del Centenario, quien escribiera aquel encendido poema YA ESTAMOS EN COMBATE la v\u00edspera del Asalto al Cuartel Moncada.<\/p>\n<p>Resulta simb\u00f3lico que este d\u00eda en que nace este hombre que supo combinar verbo y acci\u00f3n fuese el escogido para esta conmemoraci\u00f3n.<\/p>\n<p>Nuestra provincia cuenta con decenas de Instituciones Culturales y cientos de trabajadores que laboran por hacer del pa\u00eds uno de los m\u00e1s cultos del planeta, tal y como expresara nuestro Comandante en Jefe.<\/p>\n<p>Museos, Cines, Casas de Cultura, Librer\u00edas y Bibliotecas conforman \u2013entre otras instituciones- el entramado cultural, diverso y abarcador que garantiza opciones de alto nivel y que los cubanos, desde edades tempranas tengan libre acceso al cultivo y apreciaci\u00f3n de las artes.<\/p>\n<p>Centros de ense\u00f1anza art\u00edstica, promotores e instructores de arte est\u00e1n diseminados por todo el pa\u00eds, acortando las distancias intelectuales que van desde las capitales hasta la m\u00e1s peque\u00f1a comunidad de un territorio.<\/p>\n<p>El trabajador de cultura es ese interlocutor entre las artes y el pueblo, que propicia el intercambio, la reflexi\u00f3n y que lucha contra las incomprensiones\u00a0 por preservar el patrimonio, nuestras ra\u00edces y la historia cultural cargada de belleza y patriotismo.<\/p>\n<p>En la historia de la cultura cubana los artistas e intelectuales, en su inmensa mayor\u00eda, siempre han estado de parte del pueblo y a favor de las causas mas justas.<\/p>\n<p>Sobran ejemplos de sacrificio, incluso de la propia vida, en bien de sus contempor\u00e1neos: Jos\u00e9 Mart\u00ed, Rub\u00e9n Mart\u00ednez Villena son los paradigmas m\u00e1s altos.<\/p>\n<p>El artista cubano no puede vivir sin el calor de su pueblo, sin ese cord\u00f3n umbilical que lo vincula a lo m\u00e1s genuino de la cultura popular y lo nutre como\u00a0 frondosas ra\u00edces apegadas a la tierra.<\/p>\n<p>En los momentos m\u00e1s dif\u00edciles los verdaderos artistas cubanos han sabido ocupar un lugar junto a su pueblo.<\/p>\n<p>A ellos, que se esfuerzan porque seamos cada vez m\u00e1s cultos y m\u00e1s libres; a los que saben que defender nuestras tradiciones es defender nuestra cuban\u00eda. A todos los trabajadores de la cultura, felicitaciones en su d\u00eda.<\/p>\n","protected":false},"excerpt":{"rendered":"<p>El 14 de diciembre se celebra en Cuba el D\u00eda del Trabajador de la Cultura.<\/p>\n","protected":false},"author":163,"featured_media":38889,"comment_status":"open","ping_status":"open","sticky":false,"template":"","format":"standard","meta":{"_acf_changed":false,"footnotes":""},"categories":[1023],"tags":[50,1375,1378,1377,1376],"coauthors":[],"class_list":["post-38602","post","type-post","status-publish","format-standard","has-post-thumbnail","hentry","category-el-balcon-del-soto","tag-cuba","tag-dia-del-trabajador-de-la-cultura","tag-generacion-del-centenario","tag-poeta","tag-raul-gomez-garcia"],"acf":[],"_links":{"self":[{"href":"https:\/\/www.radiosanctispiritus.cu\/es\/wp-json\/wp\/v2\/posts\/38602","targetHints":{"allow":["GET"]}}],"collection":[{"href":"https:\/\/www.radiosanctispiritus.cu\/es\/wp-json\/wp\/v2\/posts"}],"about":[{"href":"https:\/\/www.radiosanctispiritus.cu\/es\/wp-json\/wp\/v2\/types\/post"}],"author":[{"embeddable":true,"href":"https:\/\/www.radiosanctispiritus.cu\/es\/wp-json\/wp\/v2\/users\/163"}],"replies":[{"embeddable":true,"href":"https:\/\/www.radiosanctispiritus.cu\/es\/wp-json\/wp\/v2\/comments?post=38602"}],"version-history":[{"count":0,"href":"https:\/\/www.radiosanctispiritus.cu\/es\/wp-json\/wp\/v2\/posts\/38602\/revisions"}],"wp:featuredmedia":[{"embeddable":true,"href":"https:\/\/www.radiosanctispiritus.cu\/es\/wp-json\/wp\/v2\/media\/38889"}],"wp:attachment":[{"href":"https:\/\/www.radiosanctispiritus.cu\/es\/wp-json\/wp\/v2\/media?parent=38602"}],"wp:term":[{"taxonomy":"category","embeddable":true,"href":"https:\/\/www.radiosanctispiritus.cu\/es\/wp-json\/wp\/v2\/categories?post=38602"},{"taxonomy":"post_tag","embeddable":true,"href":"https:\/\/www.radiosanctispiritus.cu\/es\/wp-json\/wp\/v2\/tags?post=38602"},{"taxonomy":"author","embeddable":true,"href":"https:\/\/www.radiosanctispiritus.cu\/es\/wp-json\/wp\/v2\/coauthors?post=38602"}],"curies":[{"name":"wp","href":"https:\/\/api.w.org\/{rel}","templated":true}]}}