{"id":38551,"date":"2024-11-30T04:40:34","date_gmt":"2024-11-30T09:40:34","guid":{"rendered":"https:\/\/www.radiosanctispiritus.cu\/es\/?p=38551"},"modified":"2024-11-30T07:37:48","modified_gmt":"2024-11-30T12:37:48","slug":"jornada-nacional-de-la-poesia-en-sancti-spiritus-tambien-fue-espacio-para-descubrir-editoriales","status":"publish","type":"post","link":"https:\/\/www.radiosanctispiritus.cu\/es\/jornada-nacional-de-la-poesia-en-sancti-spiritus-tambien-fue-espacio-para-descubrir-editoriales\/","title":{"rendered":"Jornada nacional de la poes\u00eda en Sancti Sp\u00edritus tambi\u00e9n fue espacio para descubrir editoriales"},"content":{"rendered":"<p>La XXXIV Jornada nacional de la poes\u00eda en Sancti Sp\u00edritus, ha sido espacio que, adem\u00e1s de las conferencias, paneles, presentaciones y lecturas de textos y descargas musicales, promueve el acercamiento a las colecciones de editoriales nacionales y territoriales.<\/p>\n<p>Dicha acci\u00f3n es esencial para la promoci\u00f3n de autores y obras. De acuerdo con Yanelis Gonz\u00e1lez Leyva, directora de la editorial Letras Cubanas e invitada a la cita, \u00abLa poes\u00eda es uno de los pilares de la editorial Letras Cubanas y, por tanto, del mundo, y su promoci\u00f3n es parte del trabajo que hacemos. Adem\u00e1s, una de las conexiones m\u00e1s importantes dedica toda su obra a la publicaci\u00f3n de autores cubanos, cl\u00e1sicos y contempor\u00e1neos.\u00bb<\/p>\n<p>Entre ellos, tenemos a Virgilio L\u00f3pez Lemus, cuya participaci\u00f3n en la pr\u00f3xima Feria Internacional del Libro de La Habana es muy importante. Su presencia en un evento como este es fundamental. Tambi\u00e9n estuvo presente Miguel Barnet, con la presentaci\u00f3n de sus libros \u00abAut\u00f3grafo\u00bb, \u00abCimarr\u00f3n\u00bb y \u00abGallego\u00bb, que son cl\u00e1sicos de la literatura cubana y no pod\u00edan faltar en un evento como este.<\/p>\n<p>Adem\u00e1s, se vendieron otros muchos t\u00edtulos del cat\u00e1logo de Letras Cubanas, especialmente de poes\u00eda.<\/p>\n<p>La XXXIV Jornada nacional de la poes\u00eda se despide esta noche de Sancti Sp\u00edritus con la presentaci\u00f3n de la convocatoria de su pr\u00f3xima edici\u00f3n y con el compromiso de seguir siendo este territorio por unos d\u00edas la capital de ese g\u00e9nero literario.<\/p>\n<p><iframe src=\"https:\/\/www.ivoox.com\/player_ej_136424892_6_1.html?c1=7a0d0b\" width=\"100%\" height=\"200\" frameborder=\"0\" scrolling=\"no\" allowfullscreen=\"allowfullscreen\"><\/iframe><\/p>\n","protected":false},"excerpt":{"rendered":"<p>La XXXIV Jornada nacional de la poes\u00eda en Sancti Sp\u00edritus, ha sido espacio que, adem\u00e1s de las conferencias, paneles, presentaciones y lecturas de textos y descargas musicales, promueve el acercamiento a las colecciones de editoriales nacionales y territoriales.<\/p>\n","protected":false},"author":12,"featured_media":38552,"comment_status":"open","ping_status":"open","sticky":false,"template":"","format":"standard","meta":{"_acf_changed":false,"footnotes":""},"categories":[6,9],"tags":[282,1356,1355],"coauthors":[],"class_list":["post-38551","post","type-post","status-publish","format-standard","has-post-thumbnail","hentry","category-cultura","category-en-audio","tag-cultura","tag-editoriales","tag-jornada-nacional-de-la-poesia"],"acf":[],"_links":{"self":[{"href":"https:\/\/www.radiosanctispiritus.cu\/es\/wp-json\/wp\/v2\/posts\/38551","targetHints":{"allow":["GET"]}}],"collection":[{"href":"https:\/\/www.radiosanctispiritus.cu\/es\/wp-json\/wp\/v2\/posts"}],"about":[{"href":"https:\/\/www.radiosanctispiritus.cu\/es\/wp-json\/wp\/v2\/types\/post"}],"author":[{"embeddable":true,"href":"https:\/\/www.radiosanctispiritus.cu\/es\/wp-json\/wp\/v2\/users\/12"}],"replies":[{"embeddable":true,"href":"https:\/\/www.radiosanctispiritus.cu\/es\/wp-json\/wp\/v2\/comments?post=38551"}],"version-history":[{"count":0,"href":"https:\/\/www.radiosanctispiritus.cu\/es\/wp-json\/wp\/v2\/posts\/38551\/revisions"}],"wp:featuredmedia":[{"embeddable":true,"href":"https:\/\/www.radiosanctispiritus.cu\/es\/wp-json\/wp\/v2\/media\/38552"}],"wp:attachment":[{"href":"https:\/\/www.radiosanctispiritus.cu\/es\/wp-json\/wp\/v2\/media?parent=38551"}],"wp:term":[{"taxonomy":"category","embeddable":true,"href":"https:\/\/www.radiosanctispiritus.cu\/es\/wp-json\/wp\/v2\/categories?post=38551"},{"taxonomy":"post_tag","embeddable":true,"href":"https:\/\/www.radiosanctispiritus.cu\/es\/wp-json\/wp\/v2\/tags?post=38551"},{"taxonomy":"author","embeddable":true,"href":"https:\/\/www.radiosanctispiritus.cu\/es\/wp-json\/wp\/v2\/coauthors?post=38551"}],"curies":[{"name":"wp","href":"https:\/\/api.w.org\/{rel}","templated":true}]}}