{"id":38456,"date":"2024-11-29T06:40:01","date_gmt":"2024-11-29T11:40:01","guid":{"rendered":"https:\/\/www.radiosanctispiritus.cu\/es\/?p=38456"},"modified":"2024-11-29T06:52:20","modified_gmt":"2024-11-29T11:52:20","slug":"genocidio-de-israel-en-gaza-ni-cuba-ni-sancti-spiritus-callan","status":"publish","type":"post","link":"https:\/\/www.radiosanctispiritus.cu\/es\/genocidio-de-israel-en-gaza-ni-cuba-ni-sancti-spiritus-callan\/","title":{"rendered":"Genocidio de Israel en Gaza: Ni Cuba ni Sancti Sp\u00edritus callan"},"content":{"rendered":"<p>El ej\u00e9rcito de Israel ha convertido la Franja de Gaza, en Palestina, en un cementerio, en tierra arrasada, literalmente. Aunque el enemigo declarado es el grupo Hamas, el primer ministro Benjam\u00edn Netanhayu se ha propuesto dejar escombros y polvo cada hospital, cada escuela, casa vivienda palestina.<\/p>\n<p>C\u00e1lculos \u2014para algunos analistas\u2014 conservadores dan cuenta de m\u00e1s de 43 300 palestinos muertos y unos 102 000 heridos, luego de la incursi\u00f3n de Hamas en las fronteras de Israel el 7 de octubre de 2023. Hoy por hoy, las autoridades palestinas notifican m\u00e1s de 10 000 desaparecidos. Decir \u201cdesaparecidos\u201d equivale, por ejemplo, a no dar se\u00f1ales de vida; a quedar atrapado entre los restos de lo que un d\u00eda fue un edificio; desaparecido en Palestina hoy es sin\u00f3nimo de muerte.<\/p>\n<p>Sin miramiento alguno, sin compasi\u00f3n alguna, Israel sigue empecinado en anexarse el territorio palestino. Lleva d\u00e9cadas en ello, y nada le importa y nada lo detiene. Y persiste en ese objetivo porque se siente intocable; intocable por la protecci\u00f3n que ha recibido, desde siempre, por Estados Unidos; mejor, por las sucesivas administraciones estadounidenses, las cuales han ejercido el derecho al veto ante cuanta resoluci\u00f3n de condena a Israel ha sido evaluada en el seno del Consejo de Seguridad de la Organizaci\u00f3n de Naciones Unidas (ONU). En otros t\u00e9rminos, Washington ha devenido el padrino permanente de Tel Aviv.<\/p>\n<p>Justamente, el 2 de diciembre de 1977, la Asamblea General de la ONU declar\u00f3 el 29 de noviembre como el D\u00eda Internacional de Solidaridad con el Pueblo Palestino, en conmemoraci\u00f3n de la fecha en la que este organismo aprob\u00f3 la resoluci\u00f3n sobre la partici\u00f3n de Palestina.<\/p>\n<p>Frente a tanta impunidad, frente a tanta masacre, Cuba jam\u00e1s ha callado. En correspondencia con ese actuar, el 21 de febrero pasado,\u00a0 nuestro pa\u00eds exigi\u00f3 un pronunciamiento en los t\u00e9rminos jur\u00eddicos m\u00e1s claros, contundentes y en\u00e9rgicos, en defensa del Derecho Internacional, sobre los cr\u00edmenes cometidos por Israel contra el pueblo palestino, ante la Corte Internacional de Justicia, en La Haya.<\/p>\n<p>En ese \u00f3rgano, Cuba abord\u00f3 los elementos jur\u00eddicos para determinar la responsabilidad de la potencia ocupante y la de los dem\u00e1s actores internacionales involucrados, as\u00ed como las implicaciones legales que deber\u00edan corresponder a tales actos u omisiones intencionales.<\/p>\n<p>Nada sorprende de la posici\u00f3n de Cuba, de su pueblo, incluido, claro est\u00e1, el espirituano, el que ha hecho suya la pr\u00e9dica de Jos\u00e9 Mart\u00ed, quien advirti\u00f3: \u201cVer un crimen en calma es cometerlo\u201d.<\/p>\n<p>&nbsp;<\/p>\n","protected":false},"excerpt":{"rendered":"<p>Hoy  29 de noviembre es el D\u00eda Internacional de Solidaridad con el Pueblo Palestino, en conmemoraci\u00f3n de la fecha en la la ONU aprob\u00f3 la resoluci\u00f3n sobre la partici\u00f3n de Palestina.<\/p>\n","protected":false},"author":10,"featured_media":38457,"comment_status":"open","ping_status":"open","sticky":false,"template":"","format":"standard","meta":{"_acf_changed":false,"footnotes":""},"categories":[1],"tags":[1326,1351,1352,1353,1013,1354],"coauthors":[],"class_list":["post-38456","post","type-post","status-publish","format-standard","has-post-thumbnail","hentry","category-sancti-spiritus","tag-estados-unidos","tag-franja-de-gaza","tag-genocidio","tag-guerra","tag-israel","tag-palestina"],"acf":[],"_links":{"self":[{"href":"https:\/\/www.radiosanctispiritus.cu\/es\/wp-json\/wp\/v2\/posts\/38456","targetHints":{"allow":["GET"]}}],"collection":[{"href":"https:\/\/www.radiosanctispiritus.cu\/es\/wp-json\/wp\/v2\/posts"}],"about":[{"href":"https:\/\/www.radiosanctispiritus.cu\/es\/wp-json\/wp\/v2\/types\/post"}],"author":[{"embeddable":true,"href":"https:\/\/www.radiosanctispiritus.cu\/es\/wp-json\/wp\/v2\/users\/10"}],"replies":[{"embeddable":true,"href":"https:\/\/www.radiosanctispiritus.cu\/es\/wp-json\/wp\/v2\/comments?post=38456"}],"version-history":[{"count":0,"href":"https:\/\/www.radiosanctispiritus.cu\/es\/wp-json\/wp\/v2\/posts\/38456\/revisions"}],"wp:featuredmedia":[{"embeddable":true,"href":"https:\/\/www.radiosanctispiritus.cu\/es\/wp-json\/wp\/v2\/media\/38457"}],"wp:attachment":[{"href":"https:\/\/www.radiosanctispiritus.cu\/es\/wp-json\/wp\/v2\/media?parent=38456"}],"wp:term":[{"taxonomy":"category","embeddable":true,"href":"https:\/\/www.radiosanctispiritus.cu\/es\/wp-json\/wp\/v2\/categories?post=38456"},{"taxonomy":"post_tag","embeddable":true,"href":"https:\/\/www.radiosanctispiritus.cu\/es\/wp-json\/wp\/v2\/tags?post=38456"},{"taxonomy":"author","embeddable":true,"href":"https:\/\/www.radiosanctispiritus.cu\/es\/wp-json\/wp\/v2\/coauthors?post=38456"}],"curies":[{"name":"wp","href":"https:\/\/api.w.org\/{rel}","templated":true}]}}