{"id":38271,"date":"2024-11-25T20:56:51","date_gmt":"2024-11-26T01:56:51","guid":{"rendered":"https:\/\/www.radiosanctispiritus.cu\/es\/?p=38271"},"modified":"2024-11-25T21:01:09","modified_gmt":"2024-11-26T02:01:09","slug":"jovenes-cubanos-evocan-al-lider-de-su-revolucion","status":"publish","type":"post","link":"https:\/\/www.radiosanctispiritus.cu\/es\/jovenes-cubanos-evocan-al-lider-de-su-revolucion\/","title":{"rendered":"J\u00f3venes cubanos evocan al l\u00edder de su Revoluci\u00f3n"},"content":{"rendered":"<p>Cientos de j\u00f3venes rindieron tributo en la noche de este lunes al l\u00edder hist\u00f3rico de la Revoluci\u00f3n Cubana, Fidel Castro, a ocho a\u00f1os de su deceso, en una velada pol\u00edtico-cultural liderada por el presidente de la naci\u00f3n antillana, Miguel D\u00edaz-Canel.<\/p>\n<p>Pioneros, estudiantes de la ense\u00f1anza media, universitarios y j\u00f3venes profesionales evocaron en la escalinata de la Universidad de La Habana a Fidel Castro por medio de poes\u00edas, canciones, danzas y v\u00edtores que exteriorizan sus sentimientos hacia su legado.<\/p>\n<p><img decoding=\"async\" class=\"size-medium wp-image-38276 aligncenter\" src=\"https:\/\/www.radiosanctispiritus.cu\/es\/wp-content\/uploads\/Fidel-tributo-UH-ACN-1-600x400.jpg\" alt=\"\" width=\"600\" height=\"400\" srcset=\"https:\/\/www.radiosanctispiritus.cu\/es\/wp-content\/uploads\/Fidel-tributo-UH-ACN-1-600x400.jpg 600w, https:\/\/www.radiosanctispiritus.cu\/es\/wp-content\/uploads\/Fidel-tributo-UH-ACN-1-768x512.jpg 768w, https:\/\/www.radiosanctispiritus.cu\/es\/wp-content\/uploads\/Fidel-tributo-UH-ACN-1.jpg 810w\" sizes=\"(max-width: 600px) 100vw, 600px\" \/><\/p>\n<p>&nbsp;<\/p>\n<p>Son reiteradas las referencias a la formaci\u00f3n revolucionaria, martiana y socialista del Comandante en Jefe en la instituci\u00f3n universitaria, donde libr\u00f3 batallas por Cuba y por justas causas, adem\u00e1s de dirigirse al pueblo.<\/p>\n<p>La recordaci\u00f3n deviene, al decir de los concurrentes, la confirmaci\u00f3n de que la Revoluci\u00f3n Cubana es infatigable y eternamente joven, tal como lo fue Fidel.<\/p>\n<p>Y tambi\u00e9n, con la presencia del comandante de la Revoluci\u00f3n, Ramiro Vald\u00e9s, el Comandante del Ej\u00e9rcito Rebelde, Jos\u00e9 Ram\u00f3n Machado Ventura, el presidente del Parlamento, Esteban Lazo, que el proceso iniciado con Fidel en 1959, contin\u00faa ahora de las manos, creaci\u00f3n y vitalidad de la juventud cubana.<\/p>\n<blockquote class=\"twitter-tweet\">\n<p dir=\"ltr\" lang=\"es\">Con la presencia del Primer Secretario del CCPCC y presidente de <a href=\"https:\/\/twitter.com\/hashtag\/Cuba?src=hash&amp;ref_src=twsrc%5Etfw\" target=\"_blank\" rel=\"noopener noreferrer nofollow\">#Cuba<\/a> \ud83c\udde8\ud83c\uddfa <a href=\"https:\/\/twitter.com\/DiazCanelB?ref_src=twsrc%5Etfw\" target=\"_blank\" rel=\"noopener noreferrer nofollow\">@DiazCanelB<\/a> comenz\u00f3 el homenaje al Comandante en Jefe, <a href=\"https:\/\/twitter.com\/hashtag\/FidelPorSiempre?src=hash&amp;ref_src=twsrc%5Etfw\" target=\"_blank\" rel=\"noopener noreferrer nofollow\">#FidelPorSiempre<\/a> en la escalinata de la Universidad de La Habana. <a href=\"https:\/\/t.co\/tfEpB1eff7\" target=\"_blank\" rel=\"noopener noreferrer nofollow\">pic.twitter.com\/tfEpB1eff7<\/a><\/p>\n<p>\u2014 Canal Caribe (@CanalCaribeCuba) <a href=\"https:\/\/twitter.com\/CanalCaribeCuba\/status\/1861223077729702140?ref_src=twsrc%5Etfw\" target=\"_blank\" rel=\"noopener noreferrer nofollow\">November 26, 2024<\/a><\/p><\/blockquote>\n<p>&nbsp;<\/p>\n","protected":false},"excerpt":{"rendered":"<p>Cientos de j\u00f3venes rindieron tributo en la noche de este lunes al l\u00edder hist\u00f3rico de la Revoluci\u00f3n Cubana, Fidel Castro, a ocho a\u00f1os de su deceso, en una velada pol\u00edtico-cultural liderada por el presidente de la naci\u00f3n antillana, Miguel D\u00edaz-Canel.<\/p>\n","protected":false},"author":22,"featured_media":38272,"comment_status":"open","ping_status":"open","sticky":false,"template":"","format":"standard","meta":{"_acf_changed":false,"footnotes":""},"categories":[3,8],"tags":[1346,183,174,979],"coauthors":[],"class_list":["post-38271","post","type-post","status-publish","format-standard","has-post-thumbnail","hentry","category-cuba","category-noticia","tag-diaz-canel","tag-fidel-castro","tag-jovenes","tag-union-de-jovenes-comunistas"],"acf":[],"_links":{"self":[{"href":"https:\/\/www.radiosanctispiritus.cu\/es\/wp-json\/wp\/v2\/posts\/38271","targetHints":{"allow":["GET"]}}],"collection":[{"href":"https:\/\/www.radiosanctispiritus.cu\/es\/wp-json\/wp\/v2\/posts"}],"about":[{"href":"https:\/\/www.radiosanctispiritus.cu\/es\/wp-json\/wp\/v2\/types\/post"}],"author":[{"embeddable":true,"href":"https:\/\/www.radiosanctispiritus.cu\/es\/wp-json\/wp\/v2\/users\/22"}],"replies":[{"embeddable":true,"href":"https:\/\/www.radiosanctispiritus.cu\/es\/wp-json\/wp\/v2\/comments?post=38271"}],"version-history":[{"count":0,"href":"https:\/\/www.radiosanctispiritus.cu\/es\/wp-json\/wp\/v2\/posts\/38271\/revisions"}],"wp:featuredmedia":[{"embeddable":true,"href":"https:\/\/www.radiosanctispiritus.cu\/es\/wp-json\/wp\/v2\/media\/38272"}],"wp:attachment":[{"href":"https:\/\/www.radiosanctispiritus.cu\/es\/wp-json\/wp\/v2\/media?parent=38271"}],"wp:term":[{"taxonomy":"category","embeddable":true,"href":"https:\/\/www.radiosanctispiritus.cu\/es\/wp-json\/wp\/v2\/categories?post=38271"},{"taxonomy":"post_tag","embeddable":true,"href":"https:\/\/www.radiosanctispiritus.cu\/es\/wp-json\/wp\/v2\/tags?post=38271"},{"taxonomy":"author","embeddable":true,"href":"https:\/\/www.radiosanctispiritus.cu\/es\/wp-json\/wp\/v2\/coauthors?post=38271"}],"curies":[{"name":"wp","href":"https:\/\/api.w.org\/{rel}","templated":true}]}}