{"id":37882,"date":"2024-11-18T04:05:23","date_gmt":"2024-11-18T09:05:23","guid":{"rendered":"https:\/\/www.radiosanctispiritus.cu\/es\/?p=37882"},"modified":"2024-11-17T13:06:14","modified_gmt":"2024-11-17T18:06:14","slug":"frente-pecuario-en-la-sierpe-prioriza-la-introduccion-y-desarrollo-de-la-especie-ovina","status":"publish","type":"post","link":"https:\/\/www.radiosanctispiritus.cu\/es\/frente-pecuario-en-la-sierpe-prioriza-la-introduccion-y-desarrollo-de-la-especie-ovina\/","title":{"rendered":"Frente pecuario en La Sierpe prioriza la introducci\u00f3n y desarrollo de la especie ovina"},"content":{"rendered":"<p>Por sus caracter\u00edsticas gen\u00e9ticas, adaptaci\u00f3n al medio y rapidez en la conversi\u00f3n, el frente pecuario en La Sierpe introduce y desarrolla la especie ovina de las razas Pelo buey Blanca, Bermejo Oscuro y Pelo Buey \u00a0Negro.<\/p>\n<p>\u00abSi no hay suplemento proteico, pueden subsistir. Siempre buscamos la posibilidad de poderlo ofertar en alg\u00fan momento. Pero, si no, es una especie que puede seguir convirtiendo y aportando carne para todas las necesidades,\u00bb coment\u00f3 Jos\u00e9 Luis Garc\u00eda P\u00e9rez, director de ganader\u00eda en la Empresa Agroindustrial de Granos Sur del J\u00edbaro.<\/p>\n<p>Garc\u00eda P\u00e9rez destac\u00f3 entre las unidades pecuarias con mejores resultados al pastoreo n\u00famero tres, que se destin\u00f3 al patr\u00f3n invertido. Se refiri\u00f3 a su vez a las condiciones creadas en cada unidad destinada a la cr\u00eda bovina. \u201cPor supuesto, se hace la nave, la corraleta, el pediluvio para evitar las enfermedades podales y, bueno, sus bebederos, sus comederos, y es muy fundamental la persona que efect\u00faa el manejo.\u00bb<\/p>\n<p>\u00abTodo esto va a traer consigo el aporte de carne para el abastecimiento municipal y tambi\u00e9n el rescate de animales con gen\u00e9tica\u00bb a\u00f1adi\u00f3 Garc\u00eda P\u00e9rez.<\/p>\n<p><iframe src=\"https:\/\/www.ivoox.com\/player_ej_135987550_6_1.html?c1=cc0404\" width=\"100%\" height=\"200\" frameborder=\"0\" scrolling=\"no\" allowfullscreen=\"allowfullscreen\"><\/iframe><\/p>\n","protected":false},"excerpt":{"rendered":"<p>Por sus caracter\u00edsticas gen\u00e9ticas, adaptaci\u00f3n al medio y rapidez en la conversi\u00f3n, el frente pecuario en La Sierpe introduce y desarrolla la especie ovina de las razas Pelo buey Blanca, Bermejo Oscuro y Pelo Buey \u00a0Negro. \u00abSi no hay suplemento proteico, pueden subsistir. Siempre buscamos la posibilidad de poderlo ofertar en alg\u00fan momento. Pero, si [&hellip;]<\/p>\n","protected":false},"author":136,"featured_media":37883,"comment_status":"open","ping_status":"open","sticky":false,"template":"","format":"standard","meta":{"_acf_changed":false,"footnotes":""},"categories":[9],"tags":[],"coauthors":[],"class_list":["post-37882","post","type-post","status-publish","format-standard","has-post-thumbnail","hentry","category-en-audio"],"acf":[],"_links":{"self":[{"href":"https:\/\/www.radiosanctispiritus.cu\/es\/wp-json\/wp\/v2\/posts\/37882","targetHints":{"allow":["GET"]}}],"collection":[{"href":"https:\/\/www.radiosanctispiritus.cu\/es\/wp-json\/wp\/v2\/posts"}],"about":[{"href":"https:\/\/www.radiosanctispiritus.cu\/es\/wp-json\/wp\/v2\/types\/post"}],"author":[{"embeddable":true,"href":"https:\/\/www.radiosanctispiritus.cu\/es\/wp-json\/wp\/v2\/users\/136"}],"replies":[{"embeddable":true,"href":"https:\/\/www.radiosanctispiritus.cu\/es\/wp-json\/wp\/v2\/comments?post=37882"}],"version-history":[{"count":0,"href":"https:\/\/www.radiosanctispiritus.cu\/es\/wp-json\/wp\/v2\/posts\/37882\/revisions"}],"wp:featuredmedia":[{"embeddable":true,"href":"https:\/\/www.radiosanctispiritus.cu\/es\/wp-json\/wp\/v2\/media\/37883"}],"wp:attachment":[{"href":"https:\/\/www.radiosanctispiritus.cu\/es\/wp-json\/wp\/v2\/media?parent=37882"}],"wp:term":[{"taxonomy":"category","embeddable":true,"href":"https:\/\/www.radiosanctispiritus.cu\/es\/wp-json\/wp\/v2\/categories?post=37882"},{"taxonomy":"post_tag","embeddable":true,"href":"https:\/\/www.radiosanctispiritus.cu\/es\/wp-json\/wp\/v2\/tags?post=37882"},{"taxonomy":"author","embeddable":true,"href":"https:\/\/www.radiosanctispiritus.cu\/es\/wp-json\/wp\/v2\/coauthors?post=37882"}],"curies":[{"name":"wp","href":"https:\/\/api.w.org\/{rel}","templated":true}]}}