{"id":37598,"date":"2024-11-10T14:07:36","date_gmt":"2024-11-10T19:07:36","guid":{"rendered":"https:\/\/www.radiosanctispiritus.cu\/es\/?p=37598"},"modified":"2024-11-10T14:21:10","modified_gmt":"2024-11-10T19:21:10","slug":"sismo-en-el-oriente-de-cuba-fue-perceptible-en-sancti-spiritus","status":"publish","type":"post","link":"https:\/\/www.radiosanctispiritus.cu\/es\/sismo-en-el-oriente-de-cuba-fue-perceptible-en-sancti-spiritus\/","title":{"rendered":"Sismos en el oriente de Cuba fueron perceptibles en Sancti Sp\u00edritus"},"content":{"rendered":"<p>A Mariela Garachipe, vecina del sexto piso en el edificio espirituano 12 Plantas, aquel movimiento inusitado de los calderos en su cocina le pareci\u00f3 obra de la imaginaci\u00f3n.<\/p>\n<p>Pero muy pronto oy\u00f3 la algarab\u00eda de los vecinos y comprob\u00f3 que no estaba loca: muchos hab\u00edan sentido aquel mismo temblor y corr\u00edan despavoridos escaleras abajo.<\/p>\n<p>Las historias se sucedieron de boca en boca. A la pescera de Yamilka se le bot\u00f3 el agua; la cama de Yanela se balanceaba como una hamaca y la servicial Estela no lo pens\u00f3 dos veces para bajar corriendo. No es la primera vez que su casa se estremece en el piso 10.<\/p>\n<p>Hasta la madre reci\u00e9n parida corri\u00f3 con su ni\u00f1o en brazos, ante el temor de una nueva sacudida, porque la naturaleza, ya se sabe, a veces no avisa.<\/p>\n<p>Nuria Camell\u00f3n dice que en su apartamento nadie lo percibi\u00f3 demasiado, pero ella s\u00ed lo vivi\u00f3 en cuerpo y alma y luego qued\u00f3 totalmente mareada.<\/p>\n<p>Yoanna Herrera y Dayana Marrero confiesan que le achacaron el temblor a sus nervios antes de que la noticia se multiplicara y se diera por hecho que en el centro tambi\u00e9n la tierra se mov\u00eda.<\/p>\n<p>Se trata, al parecer, de la percepci\u00f3n del impacto de los temblores de tierra reportados esta ma\u00f1ana en la zona oriental de Cuba, a unos 48 kil\u00f3metros al sur de la localidad de Pil\u00f3n, en Granma.<\/p>\n<p><img decoding=\"async\" class=\"alignnone size-full wp-image-37602\" src=\"https:\/\/www.radiosanctispiritus.cu\/es\/wp-content\/uploads\/terremoto.jpg\" alt=\"\" width=\"580\" height=\"580\" srcset=\"https:\/\/www.radiosanctispiritus.cu\/es\/wp-content\/uploads\/terremoto.jpg 580w, https:\/\/www.radiosanctispiritus.cu\/es\/wp-content\/uploads\/terremoto-80x80.jpg 80w, https:\/\/www.radiosanctispiritus.cu\/es\/wp-content\/uploads\/terremoto-150x150.jpg 150w\" sizes=\"(max-width: 580px) 100vw, 580px\" \/><\/p>\n<p>A ciencias ciertas, nadie tiene ahora mismo una confirmaci\u00f3n cient\u00edfica en Sancti Sp\u00edritus. Pero otros vecinos de Los Olivos, Jatibonico y la comunidad costera de Tunas de Zaza tambi\u00e9n han dado fe de ese suceso que les cort\u00f3 la respiraci\u00f3n.<\/p>\n<p>A m\u00ed, ni me pregunten. Apenas puedo escribir con este mareo de borrachera fruto del temblor que hizo correr a los vecinos del 12 Plantas escaleras abajo, sin pensar en la llovizna que ca\u00eda suavemente sobre los alrededores de los bajos donde, al menos, se sab\u00edan a salvo de la amenaza.<\/p>\n","protected":false},"excerpt":{"rendered":"<p>Vecinos de varios puntos de la provincia confirman haber percibido el impacto de los temblores de tierra ocurridos esta ma\u00f1ana en la zona oriental del pa\u00eds.<\/p>\n","protected":false},"author":27,"featured_media":37599,"comment_status":"open","ping_status":"open","sticky":false,"template":"","format":"standard","meta":{"_acf_changed":false,"footnotes":""},"categories":[8,1],"tags":[733,667],"coauthors":[],"class_list":["post-37598","post","type-post","status-publish","format-standard","has-post-thumbnail","hentry","category-noticia","category-sancti-spiritus","tag-sismo","tag-terremoto"],"acf":[],"_links":{"self":[{"href":"https:\/\/www.radiosanctispiritus.cu\/es\/wp-json\/wp\/v2\/posts\/37598","targetHints":{"allow":["GET"]}}],"collection":[{"href":"https:\/\/www.radiosanctispiritus.cu\/es\/wp-json\/wp\/v2\/posts"}],"about":[{"href":"https:\/\/www.radiosanctispiritus.cu\/es\/wp-json\/wp\/v2\/types\/post"}],"author":[{"embeddable":true,"href":"https:\/\/www.radiosanctispiritus.cu\/es\/wp-json\/wp\/v2\/users\/27"}],"replies":[{"embeddable":true,"href":"https:\/\/www.radiosanctispiritus.cu\/es\/wp-json\/wp\/v2\/comments?post=37598"}],"version-history":[{"count":0,"href":"https:\/\/www.radiosanctispiritus.cu\/es\/wp-json\/wp\/v2\/posts\/37598\/revisions"}],"wp:featuredmedia":[{"embeddable":true,"href":"https:\/\/www.radiosanctispiritus.cu\/es\/wp-json\/wp\/v2\/media\/37599"}],"wp:attachment":[{"href":"https:\/\/www.radiosanctispiritus.cu\/es\/wp-json\/wp\/v2\/media?parent=37598"}],"wp:term":[{"taxonomy":"category","embeddable":true,"href":"https:\/\/www.radiosanctispiritus.cu\/es\/wp-json\/wp\/v2\/categories?post=37598"},{"taxonomy":"post_tag","embeddable":true,"href":"https:\/\/www.radiosanctispiritus.cu\/es\/wp-json\/wp\/v2\/tags?post=37598"},{"taxonomy":"author","embeddable":true,"href":"https:\/\/www.radiosanctispiritus.cu\/es\/wp-json\/wp\/v2\/coauthors?post=37598"}],"curies":[{"name":"wp","href":"https:\/\/api.w.org\/{rel}","templated":true}]}}