{"id":37591,"date":"2024-11-10T05:10:16","date_gmt":"2024-11-10T10:10:16","guid":{"rendered":"https:\/\/www.radiosanctispiritus.cu\/es\/?p=37591"},"modified":"2024-11-10T07:19:04","modified_gmt":"2024-11-10T12:19:04","slug":"inician-procesos-penales-por-hechos-delictivos-que-afectan-el-orden-y-la-tranquilidad-ciudadana","status":"publish","type":"post","link":"https:\/\/www.radiosanctispiritus.cu\/es\/inician-procesos-penales-por-hechos-delictivos-que-afectan-el-orden-y-la-tranquilidad-ciudadana\/","title":{"rendered":"Inician procesos penales por hechos delictivos que afectan el orden y la tranquilidad ciudadana"},"content":{"rendered":"<p>Las contingencias en el sistema electroenerg\u00e9tico y las provocadas por los eventos climatol\u00f3gicos que afectan al pa\u00eds, han impactado de forma directa en la poblaci\u00f3n y la econom\u00eda.<\/p>\n<p>Las acciones que se ejecutan en los territorios para la recuperaci\u00f3n, mantener la vitalidad y la prestaci\u00f3n de servicios, tienen que acompa\u00f1arse de un clima de orden, disciplina y respeto hacia las autoridades, funcionarios, sus agentes o auxiliares, quienes, en cumplimiento de sus funciones, act\u00faan en la organizaci\u00f3n de actividades vitales, el control y la preservaci\u00f3n de la legalidad.<\/p>\n<p>La Fiscal\u00eda General de la Rep\u00fablica informa que, en La Habana, Mayabeque y Ciego de \u00c1vila se tramitan procesos penales por delitos de atentado, des\u00f3rdenes p\u00fablicos y da\u00f1os en los que se decidi\u00f3 imponer la medida cautelar de prisi\u00f3n provisional a los imputados presentados por los \u00f3rganos de investigaci\u00f3n del Ministerio del Interior, por hechos de agresi\u00f3n hacia autoridades e inspectores de los territorios que han provocado lesiones y alteraciones del orden.<\/p>\n<p>Se trabaja en la investigaci\u00f3n y conclusi\u00f3n de los procesos penales para su presentaci\u00f3n a los Tribunales.<\/p>\n<p>Hechos de esta naturaleza se contraponen a la actitud abnegada y solidaria de todos los que en las actuales circunstancias se consagran a las tareas de la recuperaci\u00f3n del pa\u00eds.<\/p>\n<p>La Fiscal\u00eda General de la Rep\u00fablica de conformidad con su misi\u00f3n constitucional, reitera a los ciudadanos la necesidad del respeto a la legalidad socialista, el ejercicio adecuado de sus derechos y el cumplimiento de sus deberes, as\u00ed como de la correcta observancia de las normas de convivencia social.<\/p>\n<p><strong>(Tomado de la <a href=\"https:\/\/www.fgr.gob.cu\/noticias\/informacion-sobre-procesos-penales-iniciados-por-hechos-delictivos-que-afectan-el-orden-y\" target=\"_blank\" rel=\"nofollow noopener\">Fiscal\u00eda General de la Rep\u00fablica<\/a>)<\/strong><\/p>\n","protected":false},"excerpt":{"rendered":"<p>La Fiscal\u00eda General de la Rep\u00fablica informa que, en La Habana, Mayabeque y Ciego de \u00c1vila se tramitan procesos penales por delitos de atentado, des\u00f3rdenes p\u00fablicos y da\u00f1os.<\/p>\n","protected":false},"author":26,"featured_media":37592,"comment_status":"open","ping_status":"open","sticky":false,"template":"","format":"standard","meta":{"_acf_changed":false,"footnotes":""},"categories":[3,8],"tags":[863,462,368,195],"coauthors":[],"class_list":["post-37591","post","type-post","status-publish","format-standard","has-post-thumbnail","hentry","category-cuba","category-noticia","tag-delito","tag-fiscalia","tag-huracan","tag-recuperacion"],"acf":[],"_links":{"self":[{"href":"https:\/\/www.radiosanctispiritus.cu\/es\/wp-json\/wp\/v2\/posts\/37591","targetHints":{"allow":["GET"]}}],"collection":[{"href":"https:\/\/www.radiosanctispiritus.cu\/es\/wp-json\/wp\/v2\/posts"}],"about":[{"href":"https:\/\/www.radiosanctispiritus.cu\/es\/wp-json\/wp\/v2\/types\/post"}],"author":[{"embeddable":true,"href":"https:\/\/www.radiosanctispiritus.cu\/es\/wp-json\/wp\/v2\/users\/26"}],"replies":[{"embeddable":true,"href":"https:\/\/www.radiosanctispiritus.cu\/es\/wp-json\/wp\/v2\/comments?post=37591"}],"version-history":[{"count":0,"href":"https:\/\/www.radiosanctispiritus.cu\/es\/wp-json\/wp\/v2\/posts\/37591\/revisions"}],"wp:featuredmedia":[{"embeddable":true,"href":"https:\/\/www.radiosanctispiritus.cu\/es\/wp-json\/wp\/v2\/media\/37592"}],"wp:attachment":[{"href":"https:\/\/www.radiosanctispiritus.cu\/es\/wp-json\/wp\/v2\/media?parent=37591"}],"wp:term":[{"taxonomy":"category","embeddable":true,"href":"https:\/\/www.radiosanctispiritus.cu\/es\/wp-json\/wp\/v2\/categories?post=37591"},{"taxonomy":"post_tag","embeddable":true,"href":"https:\/\/www.radiosanctispiritus.cu\/es\/wp-json\/wp\/v2\/tags?post=37591"},{"taxonomy":"author","embeddable":true,"href":"https:\/\/www.radiosanctispiritus.cu\/es\/wp-json\/wp\/v2\/coauthors?post=37591"}],"curies":[{"name":"wp","href":"https:\/\/api.w.org\/{rel}","templated":true}]}}