{"id":37551,"date":"2024-11-30T06:13:16","date_gmt":"2024-11-30T11:13:16","guid":{"rendered":"https:\/\/www.radiosanctispiritus.cu\/es\/?p=37551"},"modified":"2024-11-09T12:28:21","modified_gmt":"2024-11-09T17:28:21","slug":"al-ritmo-de-un-nuevo-son","status":"publish","type":"post","link":"https:\/\/www.radiosanctispiritus.cu\/es\/al-ritmo-de-un-nuevo-son\/","title":{"rendered":"Al ritmo de un Nuevo Son"},"content":{"rendered":"<p>La m\u00fasica espirituana se renueva constantemente.<\/p>\n<p>Una tierra rica en tradiciones culturales ve con benepl\u00e1cito como las nuevas generaciones matizan nuestros g\u00e9neros musicales con creatividad y constancia.<\/p>\n<p>La agrupaci\u00f3n \u201cMi Nuevo Son\u201d, se fund\u00f3 el Primero de Diciembre del a\u00f1o 2001.<\/p>\n<p>Desde sus inicios cultivan la m\u00fasica tradicional cubana con una armon\u00eda actual y se enfrascan en el rescate del cancionero local menos difundido. El son, el bolero, la trova y hasta el chang\u00fc\u00ed forman parte de su repertorio.<\/p>\n<p>Integrada por m\u00fasicos, procedentes de Escuelas De arte y del Movimiento de Artistas Aficionados \u201cMi Nuevo Son\u201d incursiona tambi\u00e9n en temas que constituyen cl\u00e1sicos de la m\u00fasica cubana, adaptados con acierto a su formato y sonoridad.<\/p>\n<p>Veintitr\u00e9s a\u00f1os es un tiempo prudencial en la vida de cualquier proyecto art\u00edstico, para que se reafirme, y alcance un estilo, un sello que lo identifique y constituya carta de presentaci\u00f3n ante el p\u00fablico.<\/p>\n<p>\u201cMi Nuevo Son\u201d tiene un largo camino ante s\u00ed; poco m\u00e1s de dos d\u00e9cadas de trabajo comienzan a dar sus frutos en lo referido a la estabilidad del proyecto, la sistematicidad de sus espacios de presentaci\u00f3n, y lo que a\u00fan es mas importante, la captaci\u00f3n de un p\u00fablico que disfruta y aprecia su m\u00fasica.<\/p>\n<p>A\u00fan sin experiencia discogr\u00e1fica esta novel agrupaci\u00f3n espirituana se avizora con todos los ingredientes musicales para permanecer y trascender: Buenas voces e instrumentistas, atinados arreglos musicales y una original sonoridad son credenciales que perfilan d\u00eda a d\u00eda.<\/p>\n<p>En el largo y dif\u00edcil camino del arte, hoy en Sancti Spiritus transita un colectivo entusiasta de j\u00f3venes m\u00fasicos; ellos traen \u201cSu Nuevo Son\u201d y ojal\u00e1 logren llevarlo al sitial que aspiran.<\/p>\n","protected":false},"excerpt":{"rendered":"<p>La m\u00fasica espirituana se renueva constantemente. Una tierra rica en tradiciones culturales ve con benepl\u00e1cito como las nuevas generaciones matizan nuestros g\u00e9neros musicales con creatividad y constancia. La agrupaci\u00f3n \u201cMi Nuevo Son\u201d, se fund\u00f3 el Primero de Diciembre del a\u00f1o 2001. Desde sus inicios cultivan la m\u00fasica tradicional cubana con una armon\u00eda actual y se [&hellip;]<\/p>\n","protected":false},"author":163,"featured_media":37560,"comment_status":"open","ping_status":"open","sticky":false,"template":"","format":"standard","meta":{"_acf_changed":false,"footnotes":""},"categories":[6,1023],"tags":[],"coauthors":[],"class_list":["post-37551","post","type-post","status-publish","format-standard","has-post-thumbnail","hentry","category-cultura","category-el-balcon-del-soto"],"acf":[],"_links":{"self":[{"href":"https:\/\/www.radiosanctispiritus.cu\/es\/wp-json\/wp\/v2\/posts\/37551","targetHints":{"allow":["GET"]}}],"collection":[{"href":"https:\/\/www.radiosanctispiritus.cu\/es\/wp-json\/wp\/v2\/posts"}],"about":[{"href":"https:\/\/www.radiosanctispiritus.cu\/es\/wp-json\/wp\/v2\/types\/post"}],"author":[{"embeddable":true,"href":"https:\/\/www.radiosanctispiritus.cu\/es\/wp-json\/wp\/v2\/users\/163"}],"replies":[{"embeddable":true,"href":"https:\/\/www.radiosanctispiritus.cu\/es\/wp-json\/wp\/v2\/comments?post=37551"}],"version-history":[{"count":0,"href":"https:\/\/www.radiosanctispiritus.cu\/es\/wp-json\/wp\/v2\/posts\/37551\/revisions"}],"wp:featuredmedia":[{"embeddable":true,"href":"https:\/\/www.radiosanctispiritus.cu\/es\/wp-json\/wp\/v2\/media\/37560"}],"wp:attachment":[{"href":"https:\/\/www.radiosanctispiritus.cu\/es\/wp-json\/wp\/v2\/media?parent=37551"}],"wp:term":[{"taxonomy":"category","embeddable":true,"href":"https:\/\/www.radiosanctispiritus.cu\/es\/wp-json\/wp\/v2\/categories?post=37551"},{"taxonomy":"post_tag","embeddable":true,"href":"https:\/\/www.radiosanctispiritus.cu\/es\/wp-json\/wp\/v2\/tags?post=37551"},{"taxonomy":"author","embeddable":true,"href":"https:\/\/www.radiosanctispiritus.cu\/es\/wp-json\/wp\/v2\/coauthors?post=37551"}],"curies":[{"name":"wp","href":"https:\/\/api.w.org\/{rel}","templated":true}]}}