{"id":37550,"date":"2024-11-24T06:13:14","date_gmt":"2024-11-24T11:13:14","guid":{"rendered":"https:\/\/www.radiosanctispiritus.cu\/es\/?p=37550"},"modified":"2024-11-24T07:53:03","modified_gmt":"2024-11-24T12:53:03","slug":"coro-de-claves-mas-de-un-siglo-de-tradicion","status":"publish","type":"post","link":"https:\/\/www.radiosanctispiritus.cu\/es\/coro-de-claves-mas-de-un-siglo-de-tradicion\/","title":{"rendered":"Coro de Claves. M\u00e1s de un siglo de tradici\u00f3n"},"content":{"rendered":"<p>Hoy se cumple el aniversario 160 del natalicio de Juan de la Cruz Echemend\u00eda, fundador de los Coros de Clave.<\/p>\n<p>Fue bautizado en la Iglesia Parroquial Mayor el 8 de diciembre del propio a\u00f1o. A los 14 se traslada hacia La Habana donde se forma como trovador y rumbero.<\/p>\n<p>En 1890 regresa a Sancti Spiritus donde establece un taller de carpinter\u00eda. Amante a su fiel instrumento, la guitarra, constituye un Coro Mixto de j\u00f3venes que titul\u00f3 \u201cLa Yaya\u201d.<\/p>\n<p>Juan de la Cruz Echemend\u00eda es sin duda quien desarroll\u00f3 y evolucion\u00f3 los coros de clave. Su local de trabajo fue una Pe\u00f1a de Trovadores, y dentro de este quehacer de Juan de la Cruz se destaca que fue maestro de principales exponentes de la Trova Espirituana, Rafael G\u00f3mez \u201cTeofilito\u201d, Miguelito Companioni, Rafael Rodr\u00edguez y Alfredo Varona, entre otros que dieron sus primeros pasos bajo su tutela.<\/p>\n<p><img decoding=\"async\" class=\"aligncenter size-medium wp-image-37557\" src=\"https:\/\/www.radiosanctispiritus.cu\/es\/wp-content\/uploads\/coro-de-la-yaya-1012369007-600x388.jpg\" alt=\"\" width=\"600\" height=\"388\" srcset=\"https:\/\/www.radiosanctispiritus.cu\/es\/wp-content\/uploads\/coro-de-la-yaya-1012369007-600x388.jpg 600w, https:\/\/www.radiosanctispiritus.cu\/es\/wp-content\/uploads\/coro-de-la-yaya-1012369007.jpg 768w\" sizes=\"(max-width: 600px) 100vw, 600px\" \/>En 1914 Rafael G\u00f3mez Mayea \u201cTeofilito\u201d crea el actual Coro de Claves. Desde entonces ha mantenido su estructura a dos voces (primas y segundas) que alternan con una gu\u00eda principal (tambi\u00e9n de prima y segundo).<\/p>\n<p>Las claves, las famosas rumbas y pasacalles forman parte de la idiosincrasia del espirituano; no hay fiesta social o familiar que no termine entonando la pegajosa melod\u00eda que en el silencio de las madrugadas se torna m\u00e1s sonora y emblem\u00e1tica.<\/p>\n<p>Con m\u00e1s de un siglo de tradici\u00f3n los Coros de Claves son parte del legado que los abuelos dejaron a las m\u00e1s j\u00f3venes generaciones.<\/p>\n<p>A 160 a\u00f1os de su natalicio el recuerdo de los espirituanos a Juan de la Cruz Echemend\u00eda, fundador de los Coros de Claves.<\/p>\n","protected":false},"excerpt":{"rendered":"<p>Hoy se cumple el aniversario 160 del natalicio de Juan de la Cruz Echemend\u00eda, fundador de los Coros de Clave. Fue bautizado en la Iglesia Parroquial Mayor el 8 de diciembre del propio a\u00f1o. A los 14 se traslada hacia La Habana donde se forma como trovador y rumbero. En 1890 regresa a Sancti Spiritus [&hellip;]<\/p>\n","protected":false},"author":163,"featured_media":37558,"comment_status":"open","ping_status":"open","sticky":false,"template":"","format":"standard","meta":{"_acf_changed":false,"footnotes":""},"categories":[6,1023,12],"tags":[],"coauthors":[],"class_list":["post-37550","post","type-post","status-publish","format-standard","has-post-thumbnail","hentry","category-cultura","category-el-balcon-del-soto","category-sugerencia"],"acf":[],"_links":{"self":[{"href":"https:\/\/www.radiosanctispiritus.cu\/es\/wp-json\/wp\/v2\/posts\/37550","targetHints":{"allow":["GET"]}}],"collection":[{"href":"https:\/\/www.radiosanctispiritus.cu\/es\/wp-json\/wp\/v2\/posts"}],"about":[{"href":"https:\/\/www.radiosanctispiritus.cu\/es\/wp-json\/wp\/v2\/types\/post"}],"author":[{"embeddable":true,"href":"https:\/\/www.radiosanctispiritus.cu\/es\/wp-json\/wp\/v2\/users\/163"}],"replies":[{"embeddable":true,"href":"https:\/\/www.radiosanctispiritus.cu\/es\/wp-json\/wp\/v2\/comments?post=37550"}],"version-history":[{"count":0,"href":"https:\/\/www.radiosanctispiritus.cu\/es\/wp-json\/wp\/v2\/posts\/37550\/revisions"}],"wp:featuredmedia":[{"embeddable":true,"href":"https:\/\/www.radiosanctispiritus.cu\/es\/wp-json\/wp\/v2\/media\/37558"}],"wp:attachment":[{"href":"https:\/\/www.radiosanctispiritus.cu\/es\/wp-json\/wp\/v2\/media?parent=37550"}],"wp:term":[{"taxonomy":"category","embeddable":true,"href":"https:\/\/www.radiosanctispiritus.cu\/es\/wp-json\/wp\/v2\/categories?post=37550"},{"taxonomy":"post_tag","embeddable":true,"href":"https:\/\/www.radiosanctispiritus.cu\/es\/wp-json\/wp\/v2\/tags?post=37550"},{"taxonomy":"author","embeddable":true,"href":"https:\/\/www.radiosanctispiritus.cu\/es\/wp-json\/wp\/v2\/coauthors?post=37550"}],"curies":[{"name":"wp","href":"https:\/\/api.w.org\/{rel}","templated":true}]}}