{"id":37460,"date":"2024-11-07T15:28:02","date_gmt":"2024-11-07T20:28:02","guid":{"rendered":"https:\/\/www.radiosanctispiritus.cu\/es\/?p=37460"},"modified":"2024-11-08T05:30:29","modified_gmt":"2024-11-08T10:30:29","slug":"reconocen-desempeno-de-los-espirituanos-durante-el-paso-del-huracan-rafael","status":"publish","type":"post","link":"https:\/\/www.radiosanctispiritus.cu\/es\/reconocen-desempeno-de-los-espirituanos-durante-el-paso-del-huracan-rafael\/","title":{"rendered":"Reconocen desempe\u00f1o de los espirituanos durante el paso del hurac\u00e1n Rafael (+ video)"},"content":{"rendered":"<p>Un reconocimiento al pueblo espirituano por la actitud mantenida durante las distintas fases decretadas por la Defensa Civil al paso del hurac\u00e1n Rafael y la exhortaci\u00f3n a enfrascarse en medio de las severas contingencias energ\u00e9ticas a las principales tareas socioecon\u00f3micas del territorio, trasmiti\u00f3 este jueves Deivy P\u00e9rez Mart\u00edn, miembro del Comit\u00e9 Central del Partido Comunista de Cuba y su primera secretaria en la provincia.<\/p>\n<p><iframe src=\"https:\/\/www.ivoox.com\/player_ej_135670577_6_1.html?c1=7a0d0b\" width=\"100%\" height=\"200\" frameborder=\"0\" scrolling=\"no\" allowfullscreen=\"allowfullscreen\"><\/iframe><\/p>\n<p>La m\u00e1xima dirigente pol\u00edtica espirituana hizo su valoraci\u00f3n al concluir una reuni\u00f3n del Consejo de Defensa Provincial tras decretarse el retorno del territorio a la normalidad luego del paso del fen\u00f3meno meteorol\u00f3gico por el pa\u00eds.<\/p>\n<p><iframe title=\"YouTube video player\" src=\"https:\/\/www.youtube.com\/embed\/b7-eIFs-lEI?si=e0Jxm9ycNjX7Ynm0\" width=\"560\" height=\"350\" frameborder=\"0\" allowfullscreen=\"allowfullscreen\"><\/iframe><\/p>\n","protected":false},"excerpt":{"rendered":"<p>Un reconocimiento al pueblo espirituano por la actitud mantenida durante el paso del hurac\u00e1n Rafael y la exhortaci\u00f3n a enfrascarse en medio de las severas contingencias energ\u00e9ticas a las principales tareas socioecon\u00f3micas del territorio, trasmiti\u00f3 este jueves Deivy P\u00e9rez Mart\u00edn, miembro del Comit\u00e9 Central del PCC.<\/p>\n","protected":false},"author":14,"featured_media":37467,"comment_status":"open","ping_status":"open","sticky":false,"template":"","format":"standard","meta":{"_acf_changed":false,"footnotes":""},"categories":[9,8,1],"tags":[95,44,368],"coauthors":[],"class_list":["post-37460","post","type-post","status-publish","format-standard","has-post-thumbnail","hentry","category-en-audio","category-noticia","category-sancti-spiritus","tag-defensa-civil","tag-deivy-perez-martin","tag-huracan"],"acf":[],"_links":{"self":[{"href":"https:\/\/www.radiosanctispiritus.cu\/es\/wp-json\/wp\/v2\/posts\/37460","targetHints":{"allow":["GET"]}}],"collection":[{"href":"https:\/\/www.radiosanctispiritus.cu\/es\/wp-json\/wp\/v2\/posts"}],"about":[{"href":"https:\/\/www.radiosanctispiritus.cu\/es\/wp-json\/wp\/v2\/types\/post"}],"author":[{"embeddable":true,"href":"https:\/\/www.radiosanctispiritus.cu\/es\/wp-json\/wp\/v2\/users\/14"}],"replies":[{"embeddable":true,"href":"https:\/\/www.radiosanctispiritus.cu\/es\/wp-json\/wp\/v2\/comments?post=37460"}],"version-history":[{"count":0,"href":"https:\/\/www.radiosanctispiritus.cu\/es\/wp-json\/wp\/v2\/posts\/37460\/revisions"}],"wp:featuredmedia":[{"embeddable":true,"href":"https:\/\/www.radiosanctispiritus.cu\/es\/wp-json\/wp\/v2\/media\/37467"}],"wp:attachment":[{"href":"https:\/\/www.radiosanctispiritus.cu\/es\/wp-json\/wp\/v2\/media?parent=37460"}],"wp:term":[{"taxonomy":"category","embeddable":true,"href":"https:\/\/www.radiosanctispiritus.cu\/es\/wp-json\/wp\/v2\/categories?post=37460"},{"taxonomy":"post_tag","embeddable":true,"href":"https:\/\/www.radiosanctispiritus.cu\/es\/wp-json\/wp\/v2\/tags?post=37460"},{"taxonomy":"author","embeddable":true,"href":"https:\/\/www.radiosanctispiritus.cu\/es\/wp-json\/wp\/v2\/coauthors?post=37460"}],"curies":[{"name":"wp","href":"https:\/\/api.w.org\/{rel}","templated":true}]}}