{"id":37432,"date":"2024-11-06T23:11:27","date_gmt":"2024-11-07T04:11:27","guid":{"rendered":"https:\/\/www.radiosanctispiritus.cu\/es\/?p=37432"},"modified":"2024-11-07T00:12:27","modified_gmt":"2024-11-07T05:12:27","slug":"cuba-trabaja-en-recuperacion-gradual-de-su-sistema-electroenergetico","status":"publish","type":"post","link":"https:\/\/www.radiosanctispiritus.cu\/es\/cuba-trabaja-en-recuperacion-gradual-de-su-sistema-electroenergetico\/","title":{"rendered":"Cuba trabaja en recuperaci\u00f3n gradual de su Sistema Electroenerg\u00e9tico"},"content":{"rendered":"<p>El primer ministro de Cuba, Manuel Marrero, asegur\u00f3 este mi\u00e9rcoles que el pa\u00eds trabaja en la recuperaci\u00f3n gradual del Sistema Electroenerg\u00e9tico Nacional (SEN), afectado por el azote de hurac\u00e1n Rafael al occidente de la isla.<\/p>\n<p>En mensaje a la poblaci\u00f3n, transmitido por la televisi\u00f3n nacional, y replicado en las redes sociales, el jefe de Gobierno inform\u00f3 que se conforman las islas de generaci\u00f3n el\u00e9ctrica para la reactivaci\u00f3n de ese servicio en La Habana y dem\u00e1s provincias afectadas.<\/p>\n<p>Apunt\u00f3 que tales labores se realizan en dependencia de la revisi\u00f3n de los da\u00f1os causados por el fen\u00f3meno hidrometeorol\u00f3gico.<\/p>\n<p>Se\u00f1al\u00f3, asimismo, que los da\u00f1os son grandes en viviendas, infraestructuras, y en la agricultura.<\/p>\n<p>En su alocuci\u00f3n, traslad\u00f3 la confianza en la seguridad de que el pa\u00eds se recuperar\u00e1 de esas afectaciones.<\/p>\n<p>El hurac\u00e1n de gran intensidad Rafael toc\u00f3 tierra horas de la tarde de hoy en un punto de la provincia de Artemisa, con categor\u00eda tres, y sali\u00f3 por el norte de Pinar del R\u00edo tras golpear con fuerza durante dos horas al territorio cubano.<\/p>\n<p>Los fuertes vientos y precipitaciones asociadas al potente evento hidrometeoril\u00f3gico causaron la ca\u00edda total del SEN en horas de la tarde, en momentos en que se trabajaba en su desconexi\u00f3n preventiva.<\/p>\n","protected":false},"excerpt":{"rendered":"<p>El primer ministro de Cuba, Manuel Marrero, asegur\u00f3 este mi\u00e9rcoles que el pa\u00eds trabaja en la recuperaci\u00f3n gradual del Sistema Electroenerg\u00e9tico Nacional (SEN), afectado por el azote de hurac\u00e1n Rafael al occidente de la isla.<\/p>\n","protected":false},"author":22,"featured_media":37433,"comment_status":"open","ping_status":"open","sticky":false,"template":"","format":"standard","meta":{"_acf_changed":false,"footnotes":""},"categories":[3,16,8],"tags":[240,56,55,541],"coauthors":[],"class_list":["post-37432","post","type-post","status-publish","format-standard","has-post-thumbnail","hentry","category-cuba","category-economia","category-noticia","tag-generacion-electrica","tag-manuel-marrero","tag-primer-ministro-de-cuba","tag-sistema-electroenergetico-nacional"],"acf":[],"_links":{"self":[{"href":"https:\/\/www.radiosanctispiritus.cu\/es\/wp-json\/wp\/v2\/posts\/37432","targetHints":{"allow":["GET"]}}],"collection":[{"href":"https:\/\/www.radiosanctispiritus.cu\/es\/wp-json\/wp\/v2\/posts"}],"about":[{"href":"https:\/\/www.radiosanctispiritus.cu\/es\/wp-json\/wp\/v2\/types\/post"}],"author":[{"embeddable":true,"href":"https:\/\/www.radiosanctispiritus.cu\/es\/wp-json\/wp\/v2\/users\/22"}],"replies":[{"embeddable":true,"href":"https:\/\/www.radiosanctispiritus.cu\/es\/wp-json\/wp\/v2\/comments?post=37432"}],"version-history":[{"count":0,"href":"https:\/\/www.radiosanctispiritus.cu\/es\/wp-json\/wp\/v2\/posts\/37432\/revisions"}],"wp:featuredmedia":[{"embeddable":true,"href":"https:\/\/www.radiosanctispiritus.cu\/es\/wp-json\/wp\/v2\/media\/37433"}],"wp:attachment":[{"href":"https:\/\/www.radiosanctispiritus.cu\/es\/wp-json\/wp\/v2\/media?parent=37432"}],"wp:term":[{"taxonomy":"category","embeddable":true,"href":"https:\/\/www.radiosanctispiritus.cu\/es\/wp-json\/wp\/v2\/categories?post=37432"},{"taxonomy":"post_tag","embeddable":true,"href":"https:\/\/www.radiosanctispiritus.cu\/es\/wp-json\/wp\/v2\/tags?post=37432"},{"taxonomy":"author","embeddable":true,"href":"https:\/\/www.radiosanctispiritus.cu\/es\/wp-json\/wp\/v2\/coauthors?post=37432"}],"curies":[{"name":"wp","href":"https:\/\/api.w.org\/{rel}","templated":true}]}}