{"id":37327,"date":"2024-11-06T06:19:35","date_gmt":"2024-11-06T11:19:35","guid":{"rendered":"https:\/\/www.radiosanctispiritus.cu\/es\/?p=37327"},"modified":"2024-11-06T10:03:21","modified_gmt":"2024-11-06T15:03:21","slug":"sancti-spiritus-decreta-fase-de-alarma","status":"publish","type":"post","link":"https:\/\/www.radiosanctispiritus.cu\/es\/sancti-spiritus-decreta-fase-de-alarma\/","title":{"rendered":"Sancti Sp\u00edritus en Fase de Alarma cicl\u00f3nica"},"content":{"rendered":"<p>Se establece a partir de las 06:00 hrs del 06 de noviembre de 2024, la Defensa Civil decreta la Fase de Alarma cicl\u00f3nica para las provincias de Villa Clara, Sancti Sp\u00edritus, Cienfuegos, Matanzas, La Habana, Mayabeque, Artemisa, Pinar del Rio, y la Isla de la Juventud.<\/p>\n<p>Se mantiene en Fase Informativa, Guant\u00e1namo, Santiago de Cuba, Holgu\u00edn, Granma, Las Tunas, Camag\u00fcey y Ciego de \u00c1vila.<\/p>\n<p>De acuerdo con la informaci\u00f3n del Centro de Pron\u00f3sticos del Instituto de Meteorolog\u00eda, la Tormenta Tropical Rafael se convirti\u00f3 en un hurac\u00e1n, categor\u00eda uno de la escala Saffir \u2013 Simpson con vientos m\u00e1ximos sostenidos de hasta 120 kil\u00f3metros por hora.<\/p>\n<p>Las condiciones del tiempo continuar\u00e1n deterior\u00e1ndose con lluvias, chubascos y tormentas el\u00e9ctricas, las que llegar\u00e1n a ser fuertes y localmente intensas en toda la regi\u00f3n Occidental y Central del pa\u00eds, con acumulados entre los 100 y 200 mil\u00edmetros en 24 horas.<\/p>\n<p>Habr\u00e1 fuertes marejadas en la costa sur central y occidental, con inundaciones costeras de moderadas a fuertes en el sur de las provincias de Sancti Sp\u00edritus, Cienfuegos, Matanzas, Mayabeque, Artemisa y Pinar del R\u00edo, as\u00ed como en la Isla de la Juventud y el archipi\u00e9lago de los Canarreos.<\/p>\n<p>Se orienta a la poblaci\u00f3n mantenerse informada a trav\u00e9s de los medios de comunicaci\u00f3n nacionales, provinciales, municipales, los perfiles oficiales de las redes sociales y cumplir disciplinadamente con las indicaciones que impartan las autoridades locales y la Defensa Civil.<\/p>\n<p>El Estado Mayor de la Defensa Civil y los institutos de Meteorolog\u00eda y Nacional de Recursos Hidr\u00e1ulicos, mantienen vigilancia sobre la evoluci\u00f3n de este organismo cicl\u00f3nico.<\/p>\n","protected":false},"excerpt":{"rendered":"<p>El Estado Mayor de la Defensa Civil estableci\u00f3 desde las seis de la ma\u00f1ana de este mi\u00e9rcoles la Fase de Alarma cicl\u00f3nica desde este territorio del centro de Cuba hasta Pinar del R\u00edo, una zona que tambi\u00e9n incluye la Isla de la Juventud.<\/p>\n","protected":false},"author":26,"featured_media":37274,"comment_status":"open","ping_status":"open","sticky":false,"template":"","format":"standard","meta":{"_acf_changed":false,"footnotes":""},"categories":[1],"tags":[1342,95],"coauthors":[],"class_list":["post-37327","post","type-post","status-publish","format-standard","has-post-thumbnail","hentry","category-sancti-spiritus","tag-ciclon","tag-defensa-civil"],"acf":[],"_links":{"self":[{"href":"https:\/\/www.radiosanctispiritus.cu\/es\/wp-json\/wp\/v2\/posts\/37327","targetHints":{"allow":["GET"]}}],"collection":[{"href":"https:\/\/www.radiosanctispiritus.cu\/es\/wp-json\/wp\/v2\/posts"}],"about":[{"href":"https:\/\/www.radiosanctispiritus.cu\/es\/wp-json\/wp\/v2\/types\/post"}],"author":[{"embeddable":true,"href":"https:\/\/www.radiosanctispiritus.cu\/es\/wp-json\/wp\/v2\/users\/26"}],"replies":[{"embeddable":true,"href":"https:\/\/www.radiosanctispiritus.cu\/es\/wp-json\/wp\/v2\/comments?post=37327"}],"version-history":[{"count":0,"href":"https:\/\/www.radiosanctispiritus.cu\/es\/wp-json\/wp\/v2\/posts\/37327\/revisions"}],"wp:featuredmedia":[{"embeddable":true,"href":"https:\/\/www.radiosanctispiritus.cu\/es\/wp-json\/wp\/v2\/media\/37274"}],"wp:attachment":[{"href":"https:\/\/www.radiosanctispiritus.cu\/es\/wp-json\/wp\/v2\/media?parent=37327"}],"wp:term":[{"taxonomy":"category","embeddable":true,"href":"https:\/\/www.radiosanctispiritus.cu\/es\/wp-json\/wp\/v2\/categories?post=37327"},{"taxonomy":"post_tag","embeddable":true,"href":"https:\/\/www.radiosanctispiritus.cu\/es\/wp-json\/wp\/v2\/tags?post=37327"},{"taxonomy":"author","embeddable":true,"href":"https:\/\/www.radiosanctispiritus.cu\/es\/wp-json\/wp\/v2\/coauthors?post=37327"}],"curies":[{"name":"wp","href":"https:\/\/api.w.org\/{rel}","templated":true}]}}