{"id":37315,"date":"2024-11-05T21:49:50","date_gmt":"2024-11-06T02:49:50","guid":{"rendered":"https:\/\/www.radiosanctispiritus.cu\/es\/?p=37315"},"modified":"2024-11-05T21:51:12","modified_gmt":"2024-11-06T02:51:12","slug":"la-pesca-en-sancti-spiritus-se-prepara-ante-la-amenaza-de-rafael","status":"publish","type":"post","link":"https:\/\/www.radiosanctispiritus.cu\/es\/la-pesca-en-sancti-spiritus-se-prepara-ante-la-amenaza-de-rafael\/","title":{"rendered":"La pesca en Sancti Sp\u00edritus se prepara ante la amenaza de Rafael"},"content":{"rendered":"<p>Ante la amenaza de Rafael la pesca en Sancti Sp\u00edritus se prepara para minimizar los posibles da\u00f1os\u00a0 que pudiera ocasionar el evento meteorol\u00f3gico.<\/p>\n<p><iframe src=\"https:\/\/www.ivoox.com\/player_ej_135604825_6_1.html?c1=cc0404\" width=\"100%\" height=\"200\" frameborder=\"0\" scrolling=\"no\" allowfullscreen=\"allowfullscreen\"><\/iframe><\/p>\n","protected":false},"excerpt":{"rendered":"<p>Ante la amenaza de Rafael la pesca en Sancti Sp\u00edritus se prepara para minimizar los posibles da\u00f1os\u00a0 que pudiera ocasionar el evento meteorol\u00f3gico.<\/p>\n","protected":false},"author":183,"featured_media":21162,"comment_status":"open","ping_status":"open","sticky":false,"template":"","format":"standard","meta":{"_acf_changed":false,"footnotes":""},"categories":[9],"tags":[1243,95,1341],"coauthors":[],"class_list":["post-37315","post","type-post","status-publish","format-standard","has-post-thumbnail","hentry","category-en-audio","tag-ciclon-tropical","tag-defensa-civil","tag-pescapir"],"acf":[],"_links":{"self":[{"href":"https:\/\/www.radiosanctispiritus.cu\/es\/wp-json\/wp\/v2\/posts\/37315","targetHints":{"allow":["GET"]}}],"collection":[{"href":"https:\/\/www.radiosanctispiritus.cu\/es\/wp-json\/wp\/v2\/posts"}],"about":[{"href":"https:\/\/www.radiosanctispiritus.cu\/es\/wp-json\/wp\/v2\/types\/post"}],"author":[{"embeddable":true,"href":"https:\/\/www.radiosanctispiritus.cu\/es\/wp-json\/wp\/v2\/users\/183"}],"replies":[{"embeddable":true,"href":"https:\/\/www.radiosanctispiritus.cu\/es\/wp-json\/wp\/v2\/comments?post=37315"}],"version-history":[{"count":0,"href":"https:\/\/www.radiosanctispiritus.cu\/es\/wp-json\/wp\/v2\/posts\/37315\/revisions"}],"wp:featuredmedia":[{"embeddable":true,"href":"https:\/\/www.radiosanctispiritus.cu\/es\/wp-json\/wp\/v2\/media\/21162"}],"wp:attachment":[{"href":"https:\/\/www.radiosanctispiritus.cu\/es\/wp-json\/wp\/v2\/media?parent=37315"}],"wp:term":[{"taxonomy":"category","embeddable":true,"href":"https:\/\/www.radiosanctispiritus.cu\/es\/wp-json\/wp\/v2\/categories?post=37315"},{"taxonomy":"post_tag","embeddable":true,"href":"https:\/\/www.radiosanctispiritus.cu\/es\/wp-json\/wp\/v2\/tags?post=37315"},{"taxonomy":"author","embeddable":true,"href":"https:\/\/www.radiosanctispiritus.cu\/es\/wp-json\/wp\/v2\/coauthors?post=37315"}],"curies":[{"name":"wp","href":"https:\/\/api.w.org\/{rel}","templated":true}]}}