{"id":36898,"date":"2024-10-28T20:01:33","date_gmt":"2024-10-29T00:01:33","guid":{"rendered":"https:\/\/www.radiosanctispiritus.cu\/es\/?p=36898"},"modified":"2024-10-28T15:55:47","modified_gmt":"2024-10-28T19:55:47","slug":"museo-trinitario-organiza-taller-de-historia-local","status":"publish","type":"post","link":"https:\/\/www.radiosanctispiritus.cu\/es\/museo-trinitario-organiza-taller-de-historia-local\/","title":{"rendered":"Museo trinitario organiza taller de historia local"},"content":{"rendered":"<p>El Museo Municipal de Trinidad promueve la defensa y conservaci\u00f3n del rico patrimonio de la tercera villa de Cuba. Ello lo confirma la vig\u00e9sima novena edici\u00f3n del Taller de Historia Local, los d\u00edas 7 y 8 de noviembre.<\/p>\n<p><iframe src=\"https:\/\/www.ivoox.com\/player_ej_135316051_6_1.html?c1=7a0d0b\" width=\"100%\" height=\"200\" frameborder=\"0\" allowfullscreen=\"\" scrolling=\"no\" loading=\"lazy\"><\/iframe><\/p>\n<p>La cita, que anualmente sesiona en el marco de los festejos por el cumplea\u00f1os del otrora Palacio Cantero, esta vez el 44, tendr\u00e1 como asistentes a investigadores, muse\u00f3logos, profesores universitarios e historiadores. Enriqueta Ram\u00edrez Caro, directora del Museo de Historia Local, explic\u00f3 a Radio Trinidad que los temas de las investigaciones giran en torno a historia, patrimonio, cultura local, museolog\u00eda, folclor, divulgaci\u00f3n, promoci\u00f3n y trabajo comunitario, todos estrechamente relacionados con la tercera villa de Cuba.<\/p>\n<p>Los participantes, previamente, deben formalizar su inscripci\u00f3n ante el comit\u00e9 organizador del certamen, precisando nombre y apellidos, grado cient\u00edfico, instituci\u00f3n que representan, tel\u00e9fono y resumen del trabajo. Tres premios otorgar\u00e1 el evento, para el que se ha conformado un jurado que integran especialistas en las m\u00e1s diversas ramas relacionadas con la promoci\u00f3n del patrimonio.<\/p>\n<p>Tambi\u00e9n, como parte del cumplea\u00f1os 44 del Museo de Historia Local, se premiar\u00e1 el concurso infantil convocado con anterioridad en las manifestaciones de artes pl\u00e1sticas y literatura. La instituci\u00f3n cultural abri\u00f3 sus puertas el 8 de noviembre de 1980 y figura entre los m\u00e1s visitados de la urbe por turistas nacionales y extranjeros.<\/p>\n","protected":false},"excerpt":{"rendered":"<p>El Museo Municipal de Trinidad promueve la defensa y conservaci\u00f3n del rico patrimonio de la tercera villa de Cuba con la vig\u00e9sima novena edici\u00f3n del Taller de Historia Local, los d\u00edas 7 y 8 de noviembre.<\/p>\n","protected":false},"author":147,"featured_media":36905,"comment_status":"open","ping_status":"open","sticky":false,"template":"","format":"standard","meta":{"_acf_changed":false,"footnotes":""},"categories":[9],"tags":[40],"coauthors":[],"class_list":["post-36898","post","type-post","status-publish","format-standard","has-post-thumbnail","hentry","category-en-audio","tag-trinidad"],"acf":[],"_links":{"self":[{"href":"https:\/\/www.radiosanctispiritus.cu\/es\/wp-json\/wp\/v2\/posts\/36898","targetHints":{"allow":["GET"]}}],"collection":[{"href":"https:\/\/www.radiosanctispiritus.cu\/es\/wp-json\/wp\/v2\/posts"}],"about":[{"href":"https:\/\/www.radiosanctispiritus.cu\/es\/wp-json\/wp\/v2\/types\/post"}],"author":[{"embeddable":true,"href":"https:\/\/www.radiosanctispiritus.cu\/es\/wp-json\/wp\/v2\/users\/147"}],"replies":[{"embeddable":true,"href":"https:\/\/www.radiosanctispiritus.cu\/es\/wp-json\/wp\/v2\/comments?post=36898"}],"version-history":[{"count":0,"href":"https:\/\/www.radiosanctispiritus.cu\/es\/wp-json\/wp\/v2\/posts\/36898\/revisions"}],"wp:featuredmedia":[{"embeddable":true,"href":"https:\/\/www.radiosanctispiritus.cu\/es\/wp-json\/wp\/v2\/media\/36905"}],"wp:attachment":[{"href":"https:\/\/www.radiosanctispiritus.cu\/es\/wp-json\/wp\/v2\/media?parent=36898"}],"wp:term":[{"taxonomy":"category","embeddable":true,"href":"https:\/\/www.radiosanctispiritus.cu\/es\/wp-json\/wp\/v2\/categories?post=36898"},{"taxonomy":"post_tag","embeddable":true,"href":"https:\/\/www.radiosanctispiritus.cu\/es\/wp-json\/wp\/v2\/tags?post=36898"},{"taxonomy":"author","embeddable":true,"href":"https:\/\/www.radiosanctispiritus.cu\/es\/wp-json\/wp\/v2\/coauthors?post=36898"}],"curies":[{"name":"wp","href":"https:\/\/api.w.org\/{rel}","templated":true}]}}