{"id":36894,"date":"2024-10-28T15:43:00","date_gmt":"2024-10-28T19:43:00","guid":{"rendered":"https:\/\/www.radiosanctispiritus.cu\/es\/?p=36894"},"modified":"2024-10-28T15:43:00","modified_gmt":"2024-10-28T19:43:00","slug":"cafeteria-del-hospital-provincial-prioriza-su-servicio-en-contingencia-energetica","status":"publish","type":"post","link":"https:\/\/www.radiosanctispiritus.cu\/es\/cafeteria-del-hospital-provincial-prioriza-su-servicio-en-contingencia-energetica\/","title":{"rendered":"Cafeter\u00eda del Hospital Provincial prioriza su servicio en contingencia energ\u00e9tica"},"content":{"rendered":"<p>La cafeter\u00eda Hospital asumi\u00f3 la contingencia energ\u00e9tica con m\u00e1s esfuerzo y la iniciativa en los servicios de un colectivo sensible y abnegado.<\/p>\n<p><iframe src=\"https:\/\/www.ivoox.com\/player_ej_135314619_6_1.html?c1=db5749\" width=\"100%\" height=\"200\" frameborder=\"0\" scrolling=\"no\" allowfullscreen=\"allowfullscreen\"><\/iframe><\/p>\n","protected":false},"excerpt":{"rendered":"<p>La cafeter\u00eda Hospital asumi\u00f3 la contingencia energ\u00e9tica con m\u00e1s esfuerzo y la iniciativa en los servicios de un colectivo sensible y abnegado.<\/p>\n","protected":false},"author":164,"featured_media":36896,"comment_status":"open","ping_status":"open","sticky":false,"template":"","format":"standard","meta":{"_acf_changed":false,"footnotes":""},"categories":[9,8],"tags":[],"coauthors":[],"class_list":["post-36894","post","type-post","status-publish","format-standard","has-post-thumbnail","hentry","category-en-audio","category-noticia"],"acf":[],"_links":{"self":[{"href":"https:\/\/www.radiosanctispiritus.cu\/es\/wp-json\/wp\/v2\/posts\/36894","targetHints":{"allow":["GET"]}}],"collection":[{"href":"https:\/\/www.radiosanctispiritus.cu\/es\/wp-json\/wp\/v2\/posts"}],"about":[{"href":"https:\/\/www.radiosanctispiritus.cu\/es\/wp-json\/wp\/v2\/types\/post"}],"author":[{"embeddable":true,"href":"https:\/\/www.radiosanctispiritus.cu\/es\/wp-json\/wp\/v2\/users\/164"}],"replies":[{"embeddable":true,"href":"https:\/\/www.radiosanctispiritus.cu\/es\/wp-json\/wp\/v2\/comments?post=36894"}],"version-history":[{"count":0,"href":"https:\/\/www.radiosanctispiritus.cu\/es\/wp-json\/wp\/v2\/posts\/36894\/revisions"}],"wp:featuredmedia":[{"embeddable":true,"href":"https:\/\/www.radiosanctispiritus.cu\/es\/wp-json\/wp\/v2\/media\/36896"}],"wp:attachment":[{"href":"https:\/\/www.radiosanctispiritus.cu\/es\/wp-json\/wp\/v2\/media?parent=36894"}],"wp:term":[{"taxonomy":"category","embeddable":true,"href":"https:\/\/www.radiosanctispiritus.cu\/es\/wp-json\/wp\/v2\/categories?post=36894"},{"taxonomy":"post_tag","embeddable":true,"href":"https:\/\/www.radiosanctispiritus.cu\/es\/wp-json\/wp\/v2\/tags?post=36894"},{"taxonomy":"author","embeddable":true,"href":"https:\/\/www.radiosanctispiritus.cu\/es\/wp-json\/wp\/v2\/coauthors?post=36894"}],"curies":[{"name":"wp","href":"https:\/\/api.w.org\/{rel}","templated":true}]}}