{"id":36786,"date":"2024-10-26T17:52:15","date_gmt":"2024-10-26T21:52:15","guid":{"rendered":"https:\/\/www.radiosanctispiritus.cu\/es\/?p=36786"},"modified":"2024-10-26T17:53:02","modified_gmt":"2024-10-26T21:53:02","slug":"sancti-spiritus-por-incrementar-aporte-a-la-economia-a-traves-de-las-exportaciones","status":"publish","type":"post","link":"https:\/\/www.radiosanctispiritus.cu\/es\/sancti-spiritus-por-incrementar-aporte-a-la-economia-a-traves-de-las-exportaciones\/","title":{"rendered":"Sancti Sp\u00edritus por incrementar aporte a la econom\u00eda a trav\u00e9s de las exportaciones"},"content":{"rendered":"<p>En un esfuerzo por fortalecer la econom\u00eda local y cumplir los compromisos asumidos ante el Primer Secretario del Partido y Presidente de la Rep\u00fablica, la provincia de Sancti Sp\u00edritus planea alcanzar\u00a0 mil 200 millones de pesos en productos y servicios destinados a la exportaci\u00f3n para el cierre del a\u00f1o.<\/p>\n<p>Entre los productos con m\u00e1s posibilidades para la exportaci\u00f3n destaca el tabaco en rama y torcido, la miel de abejas beneficiada y productos del mar, como la langosta.<\/p>\n<p>La provincia cuenta con 46 empresas incorporadas al mapa de exportaciones, con 140 productos exportables, entre ellos 96 bienes y 44 servicios.<\/p>\n<p>Este a\u00f1o se espera incorporar nuevos productos como el mango y las briquetas de carb\u00f3n, aunque el proceso ha sido lento.<\/p>\n<p>Las autoridades locales enfatizan la necesidad de mejorar la informaci\u00f3n y seguimiento de los resultados, capacitar a las estructuras municipales y fomentar nuevos servicios exportables, como los culturales, deportivos y cient\u00edficos.<\/p>\n<p><iframe src=\"https:\/\/www.ivoox.com\/player_ej_135257395_6_1.html?c1=cc0404\" width=\"100%\" height=\"200\" frameborder=\"0\" scrolling=\"no\" allowfullscreen=\"allowfullscreen\"><\/iframe><\/p>\n","protected":false},"excerpt":{"rendered":"<p>En un esfuerzo por fortalecer la econom\u00eda local y cumplir los compromisos asumidos ante el Primer Secretario del Partido y Presidente de la Rep\u00fablica, la provincia de Sancti Sp\u00edritus planea alcanzar\u00a0 mil 200 millones de pesos en productos y servicios destinados a la exportaci\u00f3n para el cierre del a\u00f1o.<\/p>\n","protected":false},"author":7,"featured_media":36787,"comment_status":"open","ping_status":"open","sticky":false,"template":"","format":"standard","meta":{"_acf_changed":false,"footnotes":""},"categories":[16,9,8,1],"tags":[71,720,721],"coauthors":[],"class_list":["post-36786","post","type-post","status-publish","format-standard","has-post-thumbnail","hentry","category-economia","category-en-audio","category-noticia","category-sancti-spiritus","tag-economia","tag-exportacion","tag-fondos-exportables"],"acf":[],"_links":{"self":[{"href":"https:\/\/www.radiosanctispiritus.cu\/es\/wp-json\/wp\/v2\/posts\/36786","targetHints":{"allow":["GET"]}}],"collection":[{"href":"https:\/\/www.radiosanctispiritus.cu\/es\/wp-json\/wp\/v2\/posts"}],"about":[{"href":"https:\/\/www.radiosanctispiritus.cu\/es\/wp-json\/wp\/v2\/types\/post"}],"author":[{"embeddable":true,"href":"https:\/\/www.radiosanctispiritus.cu\/es\/wp-json\/wp\/v2\/users\/7"}],"replies":[{"embeddable":true,"href":"https:\/\/www.radiosanctispiritus.cu\/es\/wp-json\/wp\/v2\/comments?post=36786"}],"version-history":[{"count":0,"href":"https:\/\/www.radiosanctispiritus.cu\/es\/wp-json\/wp\/v2\/posts\/36786\/revisions"}],"wp:featuredmedia":[{"embeddable":true,"href":"https:\/\/www.radiosanctispiritus.cu\/es\/wp-json\/wp\/v2\/media\/36787"}],"wp:attachment":[{"href":"https:\/\/www.radiosanctispiritus.cu\/es\/wp-json\/wp\/v2\/media?parent=36786"}],"wp:term":[{"taxonomy":"category","embeddable":true,"href":"https:\/\/www.radiosanctispiritus.cu\/es\/wp-json\/wp\/v2\/categories?post=36786"},{"taxonomy":"post_tag","embeddable":true,"href":"https:\/\/www.radiosanctispiritus.cu\/es\/wp-json\/wp\/v2\/tags?post=36786"},{"taxonomy":"author","embeddable":true,"href":"https:\/\/www.radiosanctispiritus.cu\/es\/wp-json\/wp\/v2\/coauthors?post=36786"}],"curies":[{"name":"wp","href":"https:\/\/api.w.org\/{rel}","templated":true}]}}