{"id":36721,"date":"2024-10-25T14:53:08","date_gmt":"2024-10-25T18:53:08","guid":{"rendered":"https:\/\/www.radiosanctispiritus.cu\/es\/?p=36721"},"modified":"2024-10-25T15:17:51","modified_gmt":"2024-10-25T19:17:51","slug":"cederistas-espirituanos-acopian-donaciones-para-damnificados-guatanameros","status":"publish","type":"post","link":"https:\/\/www.radiosanctispiritus.cu\/es\/cederistas-espirituanos-acopian-donaciones-para-damnificados-guatanameros\/","title":{"rendered":"Cederistas espirituanos acopian donaciones para damnificados guantanameros"},"content":{"rendered":"<p>La coordinaci\u00f3n municipal de los Comit\u00e9 de Defensa de la Revoluci\u00f3n en Sancti Sp\u00edritus est\u00e1 inmersa en la recogida de donaciones para la provincia de Guant\u00e1namo, afectada por el hurac\u00e1n Oscar.<\/p>\n<p><iframe src=\"https:\/\/www.ivoox.com\/player_ej_135236714_6_1.html?c1=db5749\" width=\"100%\" height=\"200\" frameborder=\"0\" scrolling=\"no\" allowfullscreen=\"allowfullscreen\"><\/iframe><\/p>\n","protected":false},"excerpt":{"rendered":"<p>La coordinaci\u00f3n municipal de los Comit\u00e9 de Defensa de la Revoluci\u00f3n en Sancti Sp\u00edritus est\u00e1 inmersa en la recogida de donaciones para la provincia de Guant\u00e1namo, afectada por el hurac\u00e1n Oscar.<\/p>\n","protected":false},"author":164,"featured_media":36729,"comment_status":"open","ping_status":"open","sticky":false,"template":"","format":"standard","meta":{"_acf_changed":false,"footnotes":""},"categories":[9,8],"tags":[],"coauthors":[],"class_list":["post-36721","post","type-post","status-publish","format-standard","has-post-thumbnail","hentry","category-en-audio","category-noticia"],"acf":[],"_links":{"self":[{"href":"https:\/\/www.radiosanctispiritus.cu\/es\/wp-json\/wp\/v2\/posts\/36721","targetHints":{"allow":["GET"]}}],"collection":[{"href":"https:\/\/www.radiosanctispiritus.cu\/es\/wp-json\/wp\/v2\/posts"}],"about":[{"href":"https:\/\/www.radiosanctispiritus.cu\/es\/wp-json\/wp\/v2\/types\/post"}],"author":[{"embeddable":true,"href":"https:\/\/www.radiosanctispiritus.cu\/es\/wp-json\/wp\/v2\/users\/164"}],"replies":[{"embeddable":true,"href":"https:\/\/www.radiosanctispiritus.cu\/es\/wp-json\/wp\/v2\/comments?post=36721"}],"version-history":[{"count":0,"href":"https:\/\/www.radiosanctispiritus.cu\/es\/wp-json\/wp\/v2\/posts\/36721\/revisions"}],"wp:featuredmedia":[{"embeddable":true,"href":"https:\/\/www.radiosanctispiritus.cu\/es\/wp-json\/wp\/v2\/media\/36729"}],"wp:attachment":[{"href":"https:\/\/www.radiosanctispiritus.cu\/es\/wp-json\/wp\/v2\/media?parent=36721"}],"wp:term":[{"taxonomy":"category","embeddable":true,"href":"https:\/\/www.radiosanctispiritus.cu\/es\/wp-json\/wp\/v2\/categories?post=36721"},{"taxonomy":"post_tag","embeddable":true,"href":"https:\/\/www.radiosanctispiritus.cu\/es\/wp-json\/wp\/v2\/tags?post=36721"},{"taxonomy":"author","embeddable":true,"href":"https:\/\/www.radiosanctispiritus.cu\/es\/wp-json\/wp\/v2\/coauthors?post=36721"}],"curies":[{"name":"wp","href":"https:\/\/api.w.org\/{rel}","templated":true}]}}