{"id":36342,"date":"2024-10-17T23:52:15","date_gmt":"2024-10-18T03:52:15","guid":{"rendered":"https:\/\/www.radiosanctispiritus.cu\/es\/?p=36342"},"modified":"2024-10-18T08:16:55","modified_gmt":"2024-10-18T12:16:55","slug":"primer-ministro-exponen-causas-de-emergencia-energetica-en-cuba","status":"publish","type":"post","link":"https:\/\/www.radiosanctispiritus.cu\/es\/primer-ministro-exponen-causas-de-emergencia-energetica-en-cuba\/","title":{"rendered":"Cuba busca alternativas ante tensa situaci\u00f3n energ\u00e9tica (+ video)"},"content":{"rendered":"<p>El miembro del Bur\u00f3 Pol\u00edtico y primer ministro de la Rep\u00fablica, Manuel Marrero Cruz, junto a directivos del Ministerio de Energ\u00eda y Minas comparecieron en la noche de este jueves en cadena de radio y televisi\u00f3n nacionales para informar a nuestro pueblo sobre la dif\u00edcil situaci\u00f3n energ\u00e9tica que atraviesa Cuba en estos momentos.<\/p>\n<p>Hay tres importantes factores que inciden en el d\u00e9ficit de generaci\u00f3n el\u00e9ctrica: el estado de la infraestructura, la falta de combustible y el incremento de la demanda.<\/p>\n<p>A nivel de Gobierno, como pol\u00edtica, hemos establecido priorizar el sector residencial. Hemos estado paralizando actividades econ\u00f3micas para garantizar la generaci\u00f3n energ\u00e9tica a la poblaci\u00f3n.<\/p>\n<p>En opini\u00f3n de Marrero, resulta importante la estrategia de eliminar de manera progresiva la dependencia de los combustibles f\u00f3siles, con medidas para estimular las fuentes de energ\u00eda alternativas.<\/p>\n<p>Se\u00f1al\u00f3 los esfuerzos de la m\u00e1xima direcci\u00f3n del pa\u00eds para encontrar soluciones a la problem\u00e1tica y afectar a la poblaci\u00f3n lo menos posible en cuanto a la paralizaci\u00f3n de la actividad econ\u00f3mica y la reducci\u00f3n de la jornada laboral a la m\u00ednima indispensable con alternativas como el teletrabajo o el trabajo a distancia, entre otras estrategias para un uso racional de la electricidad, ante una demanda creciente por parte del sector residencial.<\/p>\n<p>El jefe de Gobierno acot\u00f3 que tambi\u00e9n se trabaja en una nueva regulaci\u00f3n del consumo en el sector privado y se encuentra en fase de estudios un sistema diferenciado de tarifas para el pago principalmente de altos consumidores.<\/p>\n<p>Por su parte, el director general de la Uni\u00f3n El\u00e9ctrica, Alfredo L\u00f3pez, indic\u00f3 que la generaci\u00f3n t\u00e9rmica se comporta en los par\u00e1metros para el periodo y las dificultades se concentran en la distribuida y la m\u00f3vil.<\/p>\n<p>Destac\u00f3 que en la actualidad el pa\u00eds invierte en la instalaci\u00f3n de 31 parques fotovoltaicos de 21 megawatts (mW) cada uno, lo cual, sumado al aumento circunstancial del consumo por dificultades recientes para la distribuci\u00f3n del gas en v\u00edas de resoluci\u00f3n, contribuir\u00e1 paulatinamente a estabilizar la situaci\u00f3n.<\/p>\n<p>Subray\u00f3 un crecimiento del consumo reportado por parte del sector residencial y los nuevos actores econ\u00f3micos, donde influye, por ejemplo, la entrada al pa\u00eds de m\u00e1s de 100 mil equipos de climatizaci\u00f3n en el \u00faltimo a\u00f1o.<\/p>\n<p>L\u00f3pez Vald\u00e9s indic\u00f3, en ese sentido, que se pueden adoptar acciones como la correcta hermetizaci\u00f3n de los locales, la regulaci\u00f3n de las temperaturas y las directivas de que cada nueva inversi\u00f3n aprobada debe contar con fuentes de generaci\u00f3n propias, con prioridad a las energ\u00edas limpias.<\/p>\n<p>Todo ello se har\u00e1 en funci\u00f3n de reducir la dependencia de los combustibles f\u00f3siles y promover pr\u00e1cticas asociadas a un uso m\u00e1s eficiente de la energ\u00eda, a\u00f1adi\u00f3 el director de la UNE.<\/p>\n<p>Sobre la generaci\u00f3n m\u00f3vil y la distribuida, que se han visto afectadas por la carencia de combustibles tanto de fuel oil como de di\u00e9sel, Edrey Rocha Gonz\u00e1lez, director general de la Uni\u00f3n Cuba Petr\u00f3leo (Cupet), explic\u00f3 durante la comparecencia que se dificulta tambi\u00e9n el funcionamiento de las patanas flotantes generadoras.<\/p>\n<p>El fuel oil debi\u00f3 arribar al pa\u00eds el pasado 9 de octubre, pero coincidi\u00f3 con la llegada del mal tiempo y el barco no pudo atracar en Matanzas hasta el 14 del propio mes, lo cual desfas\u00f3 la entrega en Mariel, La Habana y en los motores de Moa, en Holgu\u00edn, y provoc\u00f3 que se retrasaran todas las operaciones, refiri\u00f3.<\/p>\n<p>Se\u00f1al\u00f3 que este jueves lleg\u00f3 ese combustible al territorio holguinero, mientras en la Atenas de Cuba permanecen dos embarcaciones con la carga que espera a ser distribuida en la capital y en el Mariel, cuando las condiciones del clima lo permitan y as\u00ed mejorar la disponibilidad a partir de este 18 de octubre en la noche.<\/p>\n<p>En el caso del di\u00e9sel, el director de Cupet subray\u00f3 que a partir de hoy se entregar\u00e1n unas dos mil toneladas a la generaci\u00f3n que aliviar\u00e1 la situaci\u00f3n actual en los horarios picos.<\/p>\n<p>Respecto al servicio de gas coment\u00f3 que hubo una aver\u00eda en el pozo Canas\u00ed 6, equipo de trabajo de la Empresa de Petr\u00f3leo de Occidente, donde se recuperaron 600 mil metros c\u00fabicos (m\u00b3) y se perfor\u00f3 el pozo Canas\u00ed 300 que aporta 200 mil m\u00b3 de gas para producir energ\u00eda el\u00e9ctrica por esta v\u00eda.<\/p>\n<p>La ausencia de gas licuado para la cocci\u00f3n de los alimentos impact\u00f3 en la demanda de electricidad, pues el incremento alcanz\u00f3 cerca de 250 mW, manifest\u00f3.<\/p>\n<p>Rocha Gonz\u00e1lez aclar\u00f3 que desde el 9 de octubre se distribuyen los cilindros de gas en las provincias de Pinar del R\u00edo, Artemisa, Mayabeque, La Habana y Matanzas, y que se est\u00e1 descargando el barco con esa mercanc\u00eda en el centro de Cuba, lo que garantiza el servicio a Cienfuegos, Sancti Sp\u00edritus y Ciego de \u00c1vila, as\u00ed como en Oriente para los territorios de Camag\u00fcey,Granma, Santiago de Cuba, Guant\u00e1namo, Las Tunas y Holgu\u00edn.<\/p>\n<p>Se distribuir\u00e1 gas licuado en todo el pa\u00eds desde hoy y habr\u00e1 una mejor\u00eda para la poblaci\u00f3n en ese sentido, dijo.<\/p>\n<p>En la comparecencia, Marrero Cruz insisti\u00f3, finalmente, en la importancia de mantener una comunicaci\u00f3n constante con el pueblo no solo sobre las afectaciones existentes, sino en cuanto a los esfuerzos que los trabajadores del sector realizan para solucionar las dificultades.<\/p>\n<p>Asimismo, se inform\u00f3 de los actuales y venideros pasos en este sector energ\u00e9tico, a partir de un programa gubernamental aprobado, a sugerencia de la m\u00e1xima direcci\u00f3n del Partido, y que tiene al frente al Comandante de la Revoluci\u00f3n Ramiro Vald\u00e9s Men\u00e9ndez, vice primer ministro.<\/p>\n<p>La pol\u00edtica del pa\u00eds que est\u00e1 trazada es ir recuperando la generaci\u00f3n e ir trabajando acotando la demanda, precis\u00f3 L\u00f3pez Vald\u00e9s.<\/p>\n<p>Ya est\u00e1n los pasos pr\u00f3ximos que nos permitir\u00e1n ir a una recuperaci\u00f3n, y lo m\u00e1s r\u00e1pido es el combustible (fuel oil y diesel) que ya \u00a0cuenta el pa\u00eds para estabilizar la compleja situaci\u00f3n actual, resumi\u00f3 finalmente Marrero Cruz.<\/p>\n<p><iframe title=\"Comparecencia especial del primer ministro sobre la situaci\u00f3n energ\u00e9tica de Cuba\" src=\"https:\/\/www.youtube.com\/embed\/OzWejobHSw8\" width=\"667\" height=\"375\" frameborder=\"0\" allowfullscreen=\"allowfullscreen\"><\/iframe><\/p>\n<p>&nbsp;<\/p>\n","protected":false},"excerpt":{"rendered":"<p>El primer ministro de Cuba, Manuel Marrero, intervino en la noche de este jueves\u00a0 en cadena nacional de radio y televisi\u00f3n para exponer las causas de la emergencia energ\u00e9tica que afecta a la mayor de Las Antillas.<\/p>\n","protected":false},"author":22,"featured_media":36343,"comment_status":"open","ping_status":"open","sticky":false,"template":"","format":"standard","meta":{"_acf_changed":false,"footnotes":""},"categories":[3,8],"tags":[35,240,56,55],"coauthors":[],"class_list":["post-36342","post","type-post","status-publish","format-standard","has-post-thumbnail","hentry","category-cuba","category-noticia","tag-apagones","tag-generacion-electrica","tag-manuel-marrero","tag-primer-ministro-de-cuba"],"acf":[],"_links":{"self":[{"href":"https:\/\/www.radiosanctispiritus.cu\/es\/wp-json\/wp\/v2\/posts\/36342","targetHints":{"allow":["GET"]}}],"collection":[{"href":"https:\/\/www.radiosanctispiritus.cu\/es\/wp-json\/wp\/v2\/posts"}],"about":[{"href":"https:\/\/www.radiosanctispiritus.cu\/es\/wp-json\/wp\/v2\/types\/post"}],"author":[{"embeddable":true,"href":"https:\/\/www.radiosanctispiritus.cu\/es\/wp-json\/wp\/v2\/users\/22"}],"replies":[{"embeddable":true,"href":"https:\/\/www.radiosanctispiritus.cu\/es\/wp-json\/wp\/v2\/comments?post=36342"}],"version-history":[{"count":0,"href":"https:\/\/www.radiosanctispiritus.cu\/es\/wp-json\/wp\/v2\/posts\/36342\/revisions"}],"wp:featuredmedia":[{"embeddable":true,"href":"https:\/\/www.radiosanctispiritus.cu\/es\/wp-json\/wp\/v2\/media\/36343"}],"wp:attachment":[{"href":"https:\/\/www.radiosanctispiritus.cu\/es\/wp-json\/wp\/v2\/media?parent=36342"}],"wp:term":[{"taxonomy":"category","embeddable":true,"href":"https:\/\/www.radiosanctispiritus.cu\/es\/wp-json\/wp\/v2\/categories?post=36342"},{"taxonomy":"post_tag","embeddable":true,"href":"https:\/\/www.radiosanctispiritus.cu\/es\/wp-json\/wp\/v2\/tags?post=36342"},{"taxonomy":"author","embeddable":true,"href":"https:\/\/www.radiosanctispiritus.cu\/es\/wp-json\/wp\/v2\/coauthors?post=36342"}],"curies":[{"name":"wp","href":"https:\/\/api.w.org\/{rel}","templated":true}]}}