{"id":35515,"date":"2024-10-03T22:18:32","date_gmt":"2024-10-04T02:18:32","guid":{"rendered":"https:\/\/www.radiosanctispiritus.cu\/es\/?p=35515"},"modified":"2024-10-03T22:18:32","modified_gmt":"2024-10-04T02:18:32","slug":"llama-primer-ministro-cubano-a-intensificar-lucha-contra-ilegalidades","status":"publish","type":"post","link":"https:\/\/www.radiosanctispiritus.cu\/es\/llama-primer-ministro-cubano-a-intensificar-lucha-contra-ilegalidades\/","title":{"rendered":"Llama primer ministro cubano a intensificar lucha contra ilegalidades"},"content":{"rendered":"<p>El primer ministro de Cuba, Manuel Marrero, se\u00f1al\u00f3 este jueves que, a pesar de que existen indicadores m\u00e1s favorables en la lucha contra la corrupci\u00f3n y las ilegalidades, es necesario intensificar las acciones.<\/p>\n<p>En la m\u00e1s reciente reuni\u00f3n del Grupo de Trabajo para la prevenci\u00f3n y enfrentamiento a delitos e ilegalidades, el jefe de Gobierno subray\u00f3 que \u00abla poblaci\u00f3n sabe que estamos combatiendo, pero hasta tanto no bajen los precios en las tablillas, el trabajo no ser\u00e1 premiado con la aceptaci\u00f3n del pueblo\u00bb.<\/p>\n<p>Marrero recalc\u00f3 que aunque se avanza en algunos indicadores, el pueblo todav\u00eda no ve los resultados, y \u00abpara eso es que trabajamos\u00bb.<\/p>\n<p>No obstante, reconoci\u00f3 que algunas tendencias reflejan que el enfrentamiento comienza a dar un resultado, \u00abpero este se har\u00e1 palpable cuando el pueblo lo pueda percibir\u00bb.<\/p>\n<p>Durante el encuentro, trascendi\u00f3 que en los \u00faltimos cinco meses, el \u00edndice de precios al consumidor muestra una tendencia a la desaceleraci\u00f3n del crecimiento mensual.<\/p>\n<p>Si bien ello evidencia la consolidaci\u00f3n del sistema de enfrentamiento a precios abusivos y especulativos, persisten violaciones en todo el pa\u00eds, seg\u00fan informaci\u00f3n del Gobierno de Cuba, publicada en la red social X.<\/p>\n<p>El ministro de Finanzas y Precios, Vladimir Regueiro, explic\u00f3 en la reuni\u00f3n que en el \u00faltimo trimestre se han hecho 3,7 veces m\u00e1s inspecciones y se han detectado 3,8 veces m\u00e1s violaciones, que todo lo hecho en los primeros meses del a\u00f1o.<\/p>\n<p>Detall\u00f3 que entre julio y septiembre se impusieron unas 171 mil multas, por m\u00e1s de 428 millones de pesos.<\/p>\n<p>En tanto, la jefa de la Oficina Nacional de Administraci\u00f3n Tributaria, Mary Blanca Ortega, se refiri\u00f3 al seguimiento a la descarga de contenedores, acci\u00f3n que implica un monitoreo fiscal integral, incluida la operatoria de los importadores y su capacidad contributiva.<\/p>\n<p>Autoridades del Ministerio del Interior informaron que aunque al cierre del mes de agosto el registro delictivo se mantuvo elevado, los hechos decrecieron en relaci\u00f3n con igual periodo del a\u00f1o anterior.<\/p>\n","protected":false},"excerpt":{"rendered":"<p>El primer ministro de Cuba, Manuel Marrero, se\u00f1al\u00f3 este jueves que, a pesar de que existen indicadores m\u00e1s favorables en la lucha contra la corrupci\u00f3n y las ilegalidades, es necesario intensificar las acciones.<\/p>\n","protected":false},"author":22,"featured_media":35516,"comment_status":"open","ping_status":"open","sticky":false,"template":"","format":"standard","meta":{"_acf_changed":false,"footnotes":""},"categories":[3,16,8],"tags":[864,863,480,55],"coauthors":[],"class_list":["post-35515","post","type-post","status-publish","format-standard","has-post-thumbnail","hentry","category-cuba","category-economia","category-noticia","tag-corrupcion","tag-delito","tag-ilegalidades","tag-primer-ministro-de-cuba"],"acf":[],"_links":{"self":[{"href":"https:\/\/www.radiosanctispiritus.cu\/es\/wp-json\/wp\/v2\/posts\/35515","targetHints":{"allow":["GET"]}}],"collection":[{"href":"https:\/\/www.radiosanctispiritus.cu\/es\/wp-json\/wp\/v2\/posts"}],"about":[{"href":"https:\/\/www.radiosanctispiritus.cu\/es\/wp-json\/wp\/v2\/types\/post"}],"author":[{"embeddable":true,"href":"https:\/\/www.radiosanctispiritus.cu\/es\/wp-json\/wp\/v2\/users\/22"}],"replies":[{"embeddable":true,"href":"https:\/\/www.radiosanctispiritus.cu\/es\/wp-json\/wp\/v2\/comments?post=35515"}],"version-history":[{"count":0,"href":"https:\/\/www.radiosanctispiritus.cu\/es\/wp-json\/wp\/v2\/posts\/35515\/revisions"}],"wp:featuredmedia":[{"embeddable":true,"href":"https:\/\/www.radiosanctispiritus.cu\/es\/wp-json\/wp\/v2\/media\/35516"}],"wp:attachment":[{"href":"https:\/\/www.radiosanctispiritus.cu\/es\/wp-json\/wp\/v2\/media?parent=35515"}],"wp:term":[{"taxonomy":"category","embeddable":true,"href":"https:\/\/www.radiosanctispiritus.cu\/es\/wp-json\/wp\/v2\/categories?post=35515"},{"taxonomy":"post_tag","embeddable":true,"href":"https:\/\/www.radiosanctispiritus.cu\/es\/wp-json\/wp\/v2\/tags?post=35515"},{"taxonomy":"author","embeddable":true,"href":"https:\/\/www.radiosanctispiritus.cu\/es\/wp-json\/wp\/v2\/coauthors?post=35515"}],"curies":[{"name":"wp","href":"https:\/\/api.w.org\/{rel}","templated":true}]}}