{"id":35440,"date":"2024-10-20T04:44:02","date_gmt":"2024-10-20T08:44:02","guid":{"rendered":"https:\/\/www.radiosanctispiritus.cu\/es\/?p=35440"},"modified":"2024-10-03T15:26:39","modified_gmt":"2024-10-03T19:26:39","slug":"dia-de-la-cultura-cubana","status":"publish","type":"post","link":"https:\/\/www.radiosanctispiritus.cu\/es\/dia-de-la-cultura-cubana\/","title":{"rendered":"D\u00eda de la cultura Cubana"},"content":{"rendered":"<p>Hoy 20 de octubre es el D\u00eda de la Cultura Cubana.<\/p>\n<p>El 20 de octubre, marca en la historia de Cuba, una de sus fechas patrias m\u00e1s trascendentes, esencia de las ra\u00edces cubanas. Ese d\u00eda, del a\u00f1o 1868, se interpret\u00f3 el Himno Nacional Cubano.<\/p>\n<p>Cada verso del himno, es un llamado a la lucha, un grito de guerra, un canto a la libertad, una evocaci\u00f3n\u00a0del sentir com\u00fan. Es la determinaci\u00f3n del pueblo de empu\u00f1ar\u00a0la bandera cubana junto al grito de \u00a1Viva Cuba Libre! hasta ver la Patria libre o morir por ella.<\/p>\n<p>Como dir\u00eda Jos\u00e9 Mart\u00ed, en 1892, El Himno es \u201cpara que lo entonen todos los labios y lo guarden todos los hogares, para que corran de pena y amor las l\u00e1grimas de los que lo oyeron en el combate sublime por primera vez, para que espolee la sangre en las venas juveniles. El himno a cuyos acordes, en la hora m\u00e1s bella y solemne de nuestra Patria, se alz\u00f3 el coro dormido en el pecho de los hombres\u201d.<\/p>\n<p>Lo entonamos de pie, solemnemente, porque nos exalta y nos empina, es una carta de ciudadan\u00eda y tambi\u00e9n una declaraci\u00f3n de principios.<\/p>\n<p>Hoy se cumplen exactamente 156 a\u00f1os que los cubanos entonaron por vez primera el Himno Nacional.<\/p>\n<p>El D\u00eda de la Cultura Cubana, cada a\u00f1o propicia la exaltaci\u00f3n de los valores espirituales y las realizaciones culturales.<\/p>\n<p>Saber de d\u00f3nde venimos, qui\u00e9nes somos y hacia d\u00f3nde queremos ir, pasa por coordenadas \u00e9ticas y est\u00e9ticas subestimadas en la actualidad en buena parte del mundo, donde la desmemoria hist\u00f3rica, el af\u00e1n desmedido de consumo, la mediocridad y el mal gusto abaratan la existencia de millones de personas.<\/p>\n<p>El himno nacional, una hermosa canci\u00f3n de amor, el paisaje cotidiano de una ciudad de m\u00e1s de medio siglo, un color, la letra impresa, el baile, una guitarra, y la risa de un ni\u00f1o son tambi\u00e9n \u201cEscudo y espada de nuestra naci\u00f3n\u201d.<\/p>\n<p>Toda cultura tiene tambi\u00e9n sus paradigmas: La nuestra tiene como s\u00edntesis a Nicol\u00e1s Guill\u00e9n que resumi\u00f3 sus dos vertientes espirituales, la del abuelo negro, la del abuelo blanco y la composici\u00f3n de la sociedad cubana en su mestizaje racial de profundos y dram\u00e1ticos fundamentos econ\u00f3micos.<\/p>\n<p>Ser plenamente cubanos, como dir\u00eda el sabio cubano Fernando Ortiz,\u201cexige la asunci\u00f3n de nuestra cultura y es una condici\u00f3n del alma, de sentimientos, ideas y actitudes\u201d.<\/p>\n<p>El Himno de Bayamo resume la vocaci\u00f3n identitaria de los cubanos.<\/p>\n<p>El himno que nos une, que tantas veces entonamos, con pasi\u00f3n, sobrecogimiento, o rabia apenas contenida.<\/p>\n<p>El clar\u00edn que nos llama al combate y que est\u00e1 indisolublemente hermanado a la bandera y el escudo.<\/p>\n<p>Himno que naci\u00f3 entre las cenizas y que resume el amor al terru\u00f1o, la valent\u00eda y la ternura de los habitantes de esta isla.<\/p>\n<p>La cultura tiene ese poder de convocatoria, con un manojo de versos y unos acordes es capaz de definir el concepto de patria.<\/p>\n<p>Hoy es el d\u00eda de la Cultura Cubana. Expresi\u00f3n de patriotismo y libertad.<\/p>\n<p>&nbsp;<\/p>\n","protected":false},"excerpt":{"rendered":"<p>El 20 de octubre es el D\u00eda de la Cultura Cubana. Ese d\u00eda, del a\u00f1o 1868, se escribi\u00f3 la letra del Himno Nacional Cubano.<\/p>\n","protected":false},"author":163,"featured_media":35461,"comment_status":"open","ping_status":"open","sticky":false,"template":"","format":"standard","meta":{"_acf_changed":false,"footnotes":""},"categories":[1023],"tags":[],"coauthors":[],"class_list":["post-35440","post","type-post","status-publish","format-standard","has-post-thumbnail","hentry","category-el-balcon-del-soto"],"acf":[],"_links":{"self":[{"href":"https:\/\/www.radiosanctispiritus.cu\/es\/wp-json\/wp\/v2\/posts\/35440","targetHints":{"allow":["GET"]}}],"collection":[{"href":"https:\/\/www.radiosanctispiritus.cu\/es\/wp-json\/wp\/v2\/posts"}],"about":[{"href":"https:\/\/www.radiosanctispiritus.cu\/es\/wp-json\/wp\/v2\/types\/post"}],"author":[{"embeddable":true,"href":"https:\/\/www.radiosanctispiritus.cu\/es\/wp-json\/wp\/v2\/users\/163"}],"replies":[{"embeddable":true,"href":"https:\/\/www.radiosanctispiritus.cu\/es\/wp-json\/wp\/v2\/comments?post=35440"}],"version-history":[{"count":0,"href":"https:\/\/www.radiosanctispiritus.cu\/es\/wp-json\/wp\/v2\/posts\/35440\/revisions"}],"wp:featuredmedia":[{"embeddable":true,"href":"https:\/\/www.radiosanctispiritus.cu\/es\/wp-json\/wp\/v2\/media\/35461"}],"wp:attachment":[{"href":"https:\/\/www.radiosanctispiritus.cu\/es\/wp-json\/wp\/v2\/media?parent=35440"}],"wp:term":[{"taxonomy":"category","embeddable":true,"href":"https:\/\/www.radiosanctispiritus.cu\/es\/wp-json\/wp\/v2\/categories?post=35440"},{"taxonomy":"post_tag","embeddable":true,"href":"https:\/\/www.radiosanctispiritus.cu\/es\/wp-json\/wp\/v2\/tags?post=35440"},{"taxonomy":"author","embeddable":true,"href":"https:\/\/www.radiosanctispiritus.cu\/es\/wp-json\/wp\/v2\/coauthors?post=35440"}],"curies":[{"name":"wp","href":"https:\/\/api.w.org\/{rel}","templated":true}]}}