{"id":35439,"date":"2024-10-16T04:44:00","date_gmt":"2024-10-16T08:44:00","guid":{"rendered":"https:\/\/www.radiosanctispiritus.cu\/es\/?p=35439"},"modified":"2024-10-03T15:10:00","modified_gmt":"2024-10-03T19:10:00","slug":"identidad-espirituana","status":"publish","type":"post","link":"https:\/\/www.radiosanctispiritus.cu\/es\/identidad-espirituana\/","title":{"rendered":"Identidad espirituana"},"content":{"rendered":"<p>Se dice, con raz\u00f3n, que nuestra tierra es rica en tradiciones culturales. M\u00e1s de cinco siglos de Historia la dotan de un encanto especial que va desde la arquitectura colonial hasta la trova o la artesan\u00eda.<\/p>\n<p>Esta tradici\u00f3n se sostiene en la existencia de una cultura popular que define nuestros rasgos de identidad m\u00e1s determinantes.<\/p>\n<p>Cultura popular, en la mayor\u00eda de los casos, gestada por la gente m\u00e1s humilde, creada para satisfacer las necesidades de estos y en un contexto espec\u00edfico.<\/p>\n<p>La cultura popular se ha mantenido en constante movimiento y desarrollo, adapt\u00e1ndose a cada per\u00edodo hist\u00f3rico, mientras escrib\u00eda las m\u00e1s importantes p\u00e1ginas de nuestra identidad.<\/p>\n<p>Variada y diversa es la cultura popular tradicional espirituana, que forma un amplio diapas\u00f3n en el que razas, sicolog\u00edas y modos de expresi\u00f3n se integran arm\u00f3nicamente. Cultura afrocubana, cultura canaria, en ambos casos con su folclor, costumbres y expresi\u00f3n artesanal, conforman ese \u201cAjiaco\u201d espirituano, con sabores y colores que han resistido el paso de los siglos.<\/p>\n<p>Las fiestas populares, agrupaciones tradicionales, comidas t\u00edpicas, personajes populares, especificidades ling\u00fc\u00edsticas y las manifestaciones art\u00edsticas, conforman en lo fundamental el cuerpo de nuestra tradici\u00f3n.<\/p>\n<p>Para el estado cubano ha sido una preocupaci\u00f3n constante mantener vivas esas tradiciones culturales, para ello se celebran anualmente eventos investigativos de todo tipo, adem\u00e1s de promover estas muestras, para que las m\u00e1s j\u00f3venes generaciones, bebiendo de las fuentes, tengan un presente sin olvidar el pasado.<\/p>\n<p>Nuestra independencia est\u00e1 \u00edntimamente ligada a nuestra cultura. El modernismo de un mundo banalizado y global no puede significar para los cubanos una ruptura con ese pasado que nos forj\u00f3.<\/p>\n<p>Para estos males, a veces inevitables de la homogenizaci\u00f3n del mundo, debemos acudir a nuestras tradiciones, a nuestra cultura; ella resguarda todo un arsenal de ideas, conceptos y sabidur\u00eda popular que la convierten en \u201cEscudo y Espada de la naci\u00f3n\u201d.<\/p>\n","protected":false},"excerpt":{"rendered":"<p>Sancti Sp\u00edritus es rica en tradiciones culturales. M\u00e1s de cinco siglos de Historia la dotan de un encanto especial que va desde la arquitectura colonial hasta la trova o la artesan\u00eda.<\/p>\n","protected":false},"author":163,"featured_media":35451,"comment_status":"open","ping_status":"open","sticky":false,"template":"","format":"standard","meta":{"_acf_changed":false,"footnotes":""},"categories":[1023],"tags":[],"coauthors":[],"class_list":["post-35439","post","type-post","status-publish","format-standard","has-post-thumbnail","hentry","category-el-balcon-del-soto"],"acf":[],"_links":{"self":[{"href":"https:\/\/www.radiosanctispiritus.cu\/es\/wp-json\/wp\/v2\/posts\/35439","targetHints":{"allow":["GET"]}}],"collection":[{"href":"https:\/\/www.radiosanctispiritus.cu\/es\/wp-json\/wp\/v2\/posts"}],"about":[{"href":"https:\/\/www.radiosanctispiritus.cu\/es\/wp-json\/wp\/v2\/types\/post"}],"author":[{"embeddable":true,"href":"https:\/\/www.radiosanctispiritus.cu\/es\/wp-json\/wp\/v2\/users\/163"}],"replies":[{"embeddable":true,"href":"https:\/\/www.radiosanctispiritus.cu\/es\/wp-json\/wp\/v2\/comments?post=35439"}],"version-history":[{"count":0,"href":"https:\/\/www.radiosanctispiritus.cu\/es\/wp-json\/wp\/v2\/posts\/35439\/revisions"}],"wp:featuredmedia":[{"embeddable":true,"href":"https:\/\/www.radiosanctispiritus.cu\/es\/wp-json\/wp\/v2\/media\/35451"}],"wp:attachment":[{"href":"https:\/\/www.radiosanctispiritus.cu\/es\/wp-json\/wp\/v2\/media?parent=35439"}],"wp:term":[{"taxonomy":"category","embeddable":true,"href":"https:\/\/www.radiosanctispiritus.cu\/es\/wp-json\/wp\/v2\/categories?post=35439"},{"taxonomy":"post_tag","embeddable":true,"href":"https:\/\/www.radiosanctispiritus.cu\/es\/wp-json\/wp\/v2\/tags?post=35439"},{"taxonomy":"author","embeddable":true,"href":"https:\/\/www.radiosanctispiritus.cu\/es\/wp-json\/wp\/v2\/coauthors?post=35439"}],"curies":[{"name":"wp","href":"https:\/\/api.w.org\/{rel}","templated":true}]}}