{"id":35354,"date":"2024-10-01T20:16:43","date_gmt":"2024-10-02T00:16:43","guid":{"rendered":"https:\/\/www.radiosanctispiritus.cu\/es\/?p=35354"},"modified":"2024-10-01T23:32:58","modified_gmt":"2024-10-02T03:32:58","slug":"dialogo-diaz-canel-con-claudia-sheinbaum-presidenta-de-mexico","status":"publish","type":"post","link":"https:\/\/www.radiosanctispiritus.cu\/es\/dialogo-diaz-canel-con-claudia-sheinbaum-presidenta-de-mexico\/","title":{"rendered":"Dialog\u00f3 D\u00edaz-Canel con Claudia Sheinbaum, presidenta de M\u00e9xico"},"content":{"rendered":"<p>Miguel D\u00edaz-Canel, Primer Secretario del Comit\u00e9 Central del Partido Comunista de Cuba y Presidente de la Rep\u00fablica, reiter\u00f3 este martes a Claudia Sheinbaum Pardo, quien asumi\u00f3 como nueva presidenta de M\u00e9xico, la felicitaci\u00f3n en nombre del pueblo y el gobierno de Cuba.<\/p>\n<p>Desde la red social X, el mandatario cubano destac\u00f3 que durante el di\u00e1logo le dese\u00f3 \u00e9xitos en la construcci\u00f3n del segundo piso de la Cuarta Transformaci\u00f3n de la vida p\u00fablica de la naci\u00f3n azteca.<\/p>\n<p>\u201cDialogamos con @Claudiashein, a quien le reiteramos la felicitaci\u00f3n en nombre del pueblo y el gobierno de #Cuba, adem\u00e1s le deseamos muchos \u00e9xitos en la construcci\u00f3n del segundo piso de la Cuarta Transformaci\u00f3n de la vida p\u00fablica de #M\u00e9xico.<\/p>\n<p>Asimismo, ambas partes ratificaron la voluntad de continuar estrechando los v\u00ednculos bilaterales y los intereses comunes, para el desarrollo de las dos naciones.<\/p>\n<p>\u201cRatificamos la voluntad de continuar estrechando los v\u00ednculos bilaterales y los intereses comunes, para el desarrollo de nuestras naciones\u201d.<\/p>\n<blockquote class=\"twitter-tweet\">\n<p dir=\"ltr\" lang=\"es\">\ud83c\udde8\ud83c\uddfa| El presidente <a href=\"https:\/\/twitter.com\/DiazCanelB?ref_src=twsrc%5Etfw\" target=\"_blank\" rel=\"noopener noreferrer nofollow\">@DiazCanelB<\/a> se reuni\u00f3 con la presidenta de <a href=\"https:\/\/twitter.com\/hashtag\/M%C3%A9xico?src=hash&amp;ref_src=twsrc%5Etfw\" target=\"_blank\" rel=\"noopener noreferrer nofollow\">#M\u00e9xico<\/a>, <a href=\"https:\/\/twitter.com\/Claudiashein?ref_src=twsrc%5Etfw\" target=\"_blank\" rel=\"noopener noreferrer nofollow\">@Claudiashein<\/a>.<\/p>\n<p>La felicit\u00f3 en nombre del pueblo y el gobierno cubano, y le dese\u00f3 muchos \u00e9xitos en la construcci\u00f3n del segundo piso de la Cuarta Transformaci\u00f3n.<a href=\"https:\/\/twitter.com\/hashtag\/D%C3%ADazCanelEnM%C3%A9xico?src=hash&amp;ref_src=twsrc%5Etfw\" target=\"_blank\" rel=\"noopener noreferrer nofollow\">#D\u00edazCanelEnM\u00e9xico<\/a> \ud83c\udde8\ud83c\uddfa <a href=\"https:\/\/t.co\/E9tMOChBof\" target=\"_blank\" rel=\"noopener noreferrer nofollow\">pic.twitter.com\/E9tMOChBof<\/a><\/p>\n<p>\u2014 Presidencia Cuba \ud83c\udde8\ud83c\uddfa (@PresidenciaCuba) <a href=\"https:\/\/twitter.com\/PresidenciaCuba\/status\/1841238894836097419?ref_src=twsrc%5Etfw\" target=\"_blank\" rel=\"noopener noreferrer nofollow\">October 1, 2024<\/a><\/p><\/blockquote>\n<p>Junto a otros l\u00edderes extranjeros, D\u00edaz-Canel asisti\u00f3 este martes, en la C\u00e1mara de Diputados del Palacio Legislativo de San L\u00e1zaro, a la toma de posesi\u00f3n de la primera mujer electa en M\u00e9xico para ocupar la presidencia.<\/p>\n<p>M\u00e1s tarde, al reunirse con m\u00e9dicos y otros colaboradores cubanos en la naci\u00f3n azteca, el Jefe de Estado enfatiz\u00f3 en la importancia de responder a la invitaci\u00f3n que le cursaron Claudia Sheinbaum y el presidente saliente Andr\u00e9s Manuel L\u00f3pez Obrador (AMLO) destac\u00f3 el sitio de la Presidencia.<\/p>\n<p>Sobre AMLO, D\u00edaz-Canel afirm\u00f3 que durante el sexenio que termina, no s\u00f3lo confirm\u00f3 y consolid\u00f3 la hist\u00f3rica relaci\u00f3n de amistad entre Cuba y M\u00e9xico, sino que actu\u00f3 como un gran amigo y hermano.<\/p>\n","protected":false},"excerpt":{"rendered":"<p>Miguel D\u00edaz-Canel, Primer Secretario del Comit\u00e9 Central del Partido Comunista de Cuba y Presidente de la Rep\u00fablica, reiter\u00f3 este martes a Claudia Sheinbaum Pardo, quien asumi\u00f3 como nueva presidenta de M\u00e9xico, la felicitaci\u00f3n en nombre del pueblo y el gobierno de Cuba.<\/p>\n","protected":false},"author":123,"featured_media":35355,"comment_status":"open","ping_status":"open","sticky":false,"template":"","format":"standard","meta":{"_acf_changed":false,"footnotes":""},"categories":[3,8],"tags":[1316,62,28],"coauthors":[],"class_list":["post-35354","post","type-post","status-publish","format-standard","has-post-thumbnail","hentry","category-cuba","category-noticia","tag-claudia-sheinbaum","tag-cuba-mexico","tag-miguel-diaz-canel"],"acf":[],"_links":{"self":[{"href":"https:\/\/www.radiosanctispiritus.cu\/es\/wp-json\/wp\/v2\/posts\/35354","targetHints":{"allow":["GET"]}}],"collection":[{"href":"https:\/\/www.radiosanctispiritus.cu\/es\/wp-json\/wp\/v2\/posts"}],"about":[{"href":"https:\/\/www.radiosanctispiritus.cu\/es\/wp-json\/wp\/v2\/types\/post"}],"author":[{"embeddable":true,"href":"https:\/\/www.radiosanctispiritus.cu\/es\/wp-json\/wp\/v2\/users\/123"}],"replies":[{"embeddable":true,"href":"https:\/\/www.radiosanctispiritus.cu\/es\/wp-json\/wp\/v2\/comments?post=35354"}],"version-history":[{"count":0,"href":"https:\/\/www.radiosanctispiritus.cu\/es\/wp-json\/wp\/v2\/posts\/35354\/revisions"}],"wp:featuredmedia":[{"embeddable":true,"href":"https:\/\/www.radiosanctispiritus.cu\/es\/wp-json\/wp\/v2\/media\/35355"}],"wp:attachment":[{"href":"https:\/\/www.radiosanctispiritus.cu\/es\/wp-json\/wp\/v2\/media?parent=35354"}],"wp:term":[{"taxonomy":"category","embeddable":true,"href":"https:\/\/www.radiosanctispiritus.cu\/es\/wp-json\/wp\/v2\/categories?post=35354"},{"taxonomy":"post_tag","embeddable":true,"href":"https:\/\/www.radiosanctispiritus.cu\/es\/wp-json\/wp\/v2\/tags?post=35354"},{"taxonomy":"author","embeddable":true,"href":"https:\/\/www.radiosanctispiritus.cu\/es\/wp-json\/wp\/v2\/coauthors?post=35354"}],"curies":[{"name":"wp","href":"https:\/\/api.w.org\/{rel}","templated":true}]}}