{"id":35250,"date":"2024-09-30T19:45:11","date_gmt":"2024-09-30T23:45:11","guid":{"rendered":"https:\/\/www.radiosanctispiritus.cu\/es\/?p=35250"},"modified":"2024-09-30T21:51:44","modified_gmt":"2024-10-01T01:51:44","slug":"impacto-de-las-ferias-de-empleo-se-hace-sentir-en-sancti-spiritus","status":"publish","type":"post","link":"https:\/\/www.radiosanctispiritus.cu\/es\/impacto-de-las-ferias-de-empleo-se-hace-sentir-en-sancti-spiritus\/","title":{"rendered":"Impacto de las ferias de empleo se hace sentir en Sancti Sp\u00edritus"},"content":{"rendered":"<p>Las ferias de empleos que se han realizado en Santi Sp\u00edritus, con el apoyo de la Direcci\u00f3n Provincial de Trabajo y Seguridad Social, han tenido un impacto positivo en la poblaci\u00f3n. Con esta estrategia, se ha logrado emplear hasta la fecha a m\u00e1s de cuatro mil personas que se encontraban desvinculadas del estudio o el trabajo. Seg\u00fan Farah Mar\u00eda \u00c1lvarez Perdomo, jefa del Departamento de Prevenci\u00f3n en la provincia, la reci\u00e9n concluida feria cont\u00f3 con la participaci\u00f3n de 250 empleadores y no s\u00f3lo dio la posibilidad de la facilitaci\u00f3n laboral, sino que arroj\u00f3 un grupo de datos que agilizar\u00e1n la vinculaci\u00f3n al empleo de los j\u00f3venes con el ofrecimiento de cursos de ciclos cortos que abrir\u00e1n nuevas oportunidades.<\/p>\n<p><iframe src=\"https:\/\/www.ivoox.com\/player_ej_134344215_6_1.html\" width=\"100%\" height=\"200\" frameborder=\"0\" allowfullscreen=\"\" scrolling=\"no\" loading=\"lazy\"><\/iframe><\/p>\n","protected":false},"excerpt":{"rendered":"<p>Las ferias de empleos que se han realizado en Santi Sp\u00edritus, con el apoyo de la Direcci\u00f3n Provincial de Trabajo y Seguridad Social, han tenido un impacto positivo en la poblaci\u00f3n.<\/p>\n","protected":false},"author":173,"featured_media":35276,"comment_status":"open","ping_status":"open","sticky":false,"template":"","format":"standard","meta":{"_acf_changed":false,"footnotes":""},"categories":[9,1],"tags":[1317,578],"coauthors":[],"class_list":["post-35250","post","type-post","status-publish","format-standard","has-post-thumbnail","hentry","category-en-audio","category-sancti-spiritus","tag-seguridad-social","tag-trabajo"],"acf":[],"_links":{"self":[{"href":"https:\/\/www.radiosanctispiritus.cu\/es\/wp-json\/wp\/v2\/posts\/35250","targetHints":{"allow":["GET"]}}],"collection":[{"href":"https:\/\/www.radiosanctispiritus.cu\/es\/wp-json\/wp\/v2\/posts"}],"about":[{"href":"https:\/\/www.radiosanctispiritus.cu\/es\/wp-json\/wp\/v2\/types\/post"}],"author":[{"embeddable":true,"href":"https:\/\/www.radiosanctispiritus.cu\/es\/wp-json\/wp\/v2\/users\/173"}],"replies":[{"embeddable":true,"href":"https:\/\/www.radiosanctispiritus.cu\/es\/wp-json\/wp\/v2\/comments?post=35250"}],"version-history":[{"count":0,"href":"https:\/\/www.radiosanctispiritus.cu\/es\/wp-json\/wp\/v2\/posts\/35250\/revisions"}],"wp:featuredmedia":[{"embeddable":true,"href":"https:\/\/www.radiosanctispiritus.cu\/es\/wp-json\/wp\/v2\/media\/35276"}],"wp:attachment":[{"href":"https:\/\/www.radiosanctispiritus.cu\/es\/wp-json\/wp\/v2\/media?parent=35250"}],"wp:term":[{"taxonomy":"category","embeddable":true,"href":"https:\/\/www.radiosanctispiritus.cu\/es\/wp-json\/wp\/v2\/categories?post=35250"},{"taxonomy":"post_tag","embeddable":true,"href":"https:\/\/www.radiosanctispiritus.cu\/es\/wp-json\/wp\/v2\/tags?post=35250"},{"taxonomy":"author","embeddable":true,"href":"https:\/\/www.radiosanctispiritus.cu\/es\/wp-json\/wp\/v2\/coauthors?post=35250"}],"curies":[{"name":"wp","href":"https:\/\/api.w.org\/{rel}","templated":true}]}}