{"id":35239,"date":"2024-09-29T13:09:36","date_gmt":"2024-09-29T17:09:36","guid":{"rendered":"https:\/\/www.radiosanctispiritus.cu\/es\/?p=35239"},"modified":"2024-09-29T13:09:36","modified_gmt":"2024-09-29T17:09:36","slug":"presidente-cubano-arriba-a-mexico-para-toma-de-posesion-de-claudia-sheinbaum","status":"publish","type":"post","link":"https:\/\/www.radiosanctispiritus.cu\/es\/presidente-cubano-arriba-a-mexico-para-toma-de-posesion-de-claudia-sheinbaum\/","title":{"rendered":"Presidente cubano arriba a M\u00e9xico para toma de posesi\u00f3n de Claudia Sheinbaum"},"content":{"rendered":"<p>El presidente de Cuba, Miguel D\u00edaz-Canel Berm\u00fadez, lleg\u00f3 este domingo a M\u00e9xico, para participar en la toma de posesi\u00f3n de Claudia Sheinbaum, primera mujer en ocupar la jefatura de Estado en el pa\u00eds latinoamericano.<\/p>\n<p>Al llegar a suelo mexicano, en el aeropuerto internacional Felipe \u00c1ngeles, el mandatario cubano fue recibido por el doctor David Kershenobich, quien asumir\u00e1 la Secretar\u00eda de Salud en el gobierno entrante.<\/p>\n<p>La delegaci\u00f3n de Cuba a la toma de posesi\u00f3n de Claudia Sheinbaum la integran el canciller Bruno Rodr\u00edguez Parrilla, Emilio Lozada Garc\u00eda; jefe de Relaciones Internacionales del Comit\u00e9 Central del Partido, Eugenio Mart\u00ednez Enr\u00edquez; director general de Am\u00e9rica Latina y el Caribe del MINREX y Marcos Rodr\u00edguez Costa; embajador de Cuba ante los Estados Unidos Mexicanos.<\/p>\n<p>El Presidente, adem\u00e1s de participar en actividades protocolares, sostendr\u00e1 varias reuniones.<\/p>\n<p><strong>(Tomado de Presidencia de Cuba)<\/strong><\/p>\n","protected":false},"excerpt":{"rendered":"<p>El presidente de Cuba, Miguel D\u00edaz-Canel Berm\u00fadez, lleg\u00f3 este domingo a M\u00e9xico, para participar en la toma de posesi\u00f3n de Claudia Sheinbaum, primera mujer en ocupar la jefatura de Estado en el pa\u00eds latinoamericano.<\/p>\n","protected":false},"author":26,"featured_media":35240,"comment_status":"open","ping_status":"open","sticky":false,"template":"","format":"standard","meta":{"_acf_changed":false,"footnotes":""},"categories":[3,4,8],"tags":[1316,62,28],"coauthors":[],"class_list":["post-35239","post","type-post","status-publish","format-standard","has-post-thumbnail","hentry","category-cuba","category-internacionales","category-noticia","tag-claudia-sheinbaum","tag-cuba-mexico","tag-miguel-diaz-canel"],"acf":[],"_links":{"self":[{"href":"https:\/\/www.radiosanctispiritus.cu\/es\/wp-json\/wp\/v2\/posts\/35239","targetHints":{"allow":["GET"]}}],"collection":[{"href":"https:\/\/www.radiosanctispiritus.cu\/es\/wp-json\/wp\/v2\/posts"}],"about":[{"href":"https:\/\/www.radiosanctispiritus.cu\/es\/wp-json\/wp\/v2\/types\/post"}],"author":[{"embeddable":true,"href":"https:\/\/www.radiosanctispiritus.cu\/es\/wp-json\/wp\/v2\/users\/26"}],"replies":[{"embeddable":true,"href":"https:\/\/www.radiosanctispiritus.cu\/es\/wp-json\/wp\/v2\/comments?post=35239"}],"version-history":[{"count":0,"href":"https:\/\/www.radiosanctispiritus.cu\/es\/wp-json\/wp\/v2\/posts\/35239\/revisions"}],"wp:featuredmedia":[{"embeddable":true,"href":"https:\/\/www.radiosanctispiritus.cu\/es\/wp-json\/wp\/v2\/media\/35240"}],"wp:attachment":[{"href":"https:\/\/www.radiosanctispiritus.cu\/es\/wp-json\/wp\/v2\/media?parent=35239"}],"wp:term":[{"taxonomy":"category","embeddable":true,"href":"https:\/\/www.radiosanctispiritus.cu\/es\/wp-json\/wp\/v2\/categories?post=35239"},{"taxonomy":"post_tag","embeddable":true,"href":"https:\/\/www.radiosanctispiritus.cu\/es\/wp-json\/wp\/v2\/tags?post=35239"},{"taxonomy":"author","embeddable":true,"href":"https:\/\/www.radiosanctispiritus.cu\/es\/wp-json\/wp\/v2\/coauthors?post=35239"}],"curies":[{"name":"wp","href":"https:\/\/api.w.org\/{rel}","templated":true}]}}