{"id":34689,"date":"2024-09-20T21:25:57","date_gmt":"2024-09-21T01:25:57","guid":{"rendered":"https:\/\/www.radiosanctispiritus.cu\/es\/?p=34689"},"modified":"2024-09-20T21:29:04","modified_gmt":"2024-09-21T01:29:04","slug":"jose-herminio-castaneda-no-se-debe-descuidar-la-atencion-a-los-combatientes","status":"publish","type":"post","link":"https:\/\/www.radiosanctispiritus.cu\/es\/jose-herminio-castaneda-no-se-debe-descuidar-la-atencion-a-los-combatientes\/","title":{"rendered":"Jos\u00e9 Herminio Casta\u00f1eda: no se debe descuidar la atenci\u00f3n a los combatientes"},"content":{"rendered":"<p>Jos\u00e9 Herminio Casta\u00f1eda, combatiente del ej\u00e9rcito rebelde y la lucha clandestina, participante de la limpia del Escambray e internacionalista, es delegado a la sexta conferencia provincial de la Asociaci\u00f3n de Combatientes de la Revoluci\u00f3n Cubana en Sancti Sp\u00edritus.<\/p>\n<p>\u00abCuidar mucho m\u00e1s la atenci\u00f3n al hombre. La atenci\u00f3n al combatiente no es siempre darle algo material, es conversar con \u00e9l, verlo, llamarlo, preguntarle por su familia, c\u00f3mo est\u00e1n sus hijos, cu\u00e1ndo cumplen a\u00f1os, qu\u00e9 necesidad tiene y, muchas veces, ir a su casa y sentarse con \u00e9l si est\u00e1 enfermo en la cabecera de la cama.\u00bb, coment\u00f3 Jos\u00e9 Herminio sobre los temas que pretende llevar como delegado a la conferencia.<\/p>\n<p><iframe src=\"https:\/\/www.ivoox.com\/player_ej_134025790_6_1.html\" width=\"100%\" height=\"200\" frameborder=\"0\" allowfullscreen=\"\" scrolling=\"no\" loading=\"lazy\"><\/iframe><\/p>\n","protected":false},"excerpt":{"rendered":"<p>Jos\u00e9 Herminio Casta\u00f1eda, combatiente del ej\u00e9rcito rebelde y la lucha clandestina, participante de la limpia del Escambray e internacionalista, es delegado a la sexta conferencia provincial de la Asociaci\u00f3n de Combatientes de la Revoluci\u00f3n Cubana en Sancti Sp\u00edritus.<\/p>\n","protected":false},"author":18,"featured_media":33999,"comment_status":"open","ping_status":"open","sticky":false,"template":"","format":"standard","meta":{"_acf_changed":false,"footnotes":""},"categories":[9,1],"tags":[329,1312,328],"coauthors":[],"class_list":["post-34689","post","type-post","status-publish","format-standard","has-post-thumbnail","hentry","category-en-audio","category-sancti-spiritus","tag-acrc","tag-asociacion-de-combatientes-de-la-revolucion-cubana","tag-combatientes"],"acf":[],"_links":{"self":[{"href":"https:\/\/www.radiosanctispiritus.cu\/es\/wp-json\/wp\/v2\/posts\/34689","targetHints":{"allow":["GET"]}}],"collection":[{"href":"https:\/\/www.radiosanctispiritus.cu\/es\/wp-json\/wp\/v2\/posts"}],"about":[{"href":"https:\/\/www.radiosanctispiritus.cu\/es\/wp-json\/wp\/v2\/types\/post"}],"author":[{"embeddable":true,"href":"https:\/\/www.radiosanctispiritus.cu\/es\/wp-json\/wp\/v2\/users\/18"}],"replies":[{"embeddable":true,"href":"https:\/\/www.radiosanctispiritus.cu\/es\/wp-json\/wp\/v2\/comments?post=34689"}],"version-history":[{"count":0,"href":"https:\/\/www.radiosanctispiritus.cu\/es\/wp-json\/wp\/v2\/posts\/34689\/revisions"}],"wp:featuredmedia":[{"embeddable":true,"href":"https:\/\/www.radiosanctispiritus.cu\/es\/wp-json\/wp\/v2\/media\/33999"}],"wp:attachment":[{"href":"https:\/\/www.radiosanctispiritus.cu\/es\/wp-json\/wp\/v2\/media?parent=34689"}],"wp:term":[{"taxonomy":"category","embeddable":true,"href":"https:\/\/www.radiosanctispiritus.cu\/es\/wp-json\/wp\/v2\/categories?post=34689"},{"taxonomy":"post_tag","embeddable":true,"href":"https:\/\/www.radiosanctispiritus.cu\/es\/wp-json\/wp\/v2\/tags?post=34689"},{"taxonomy":"author","embeddable":true,"href":"https:\/\/www.radiosanctispiritus.cu\/es\/wp-json\/wp\/v2\/coauthors?post=34689"}],"curies":[{"name":"wp","href":"https:\/\/api.w.org\/{rel}","templated":true}]}}