{"id":34619,"date":"2024-09-23T08:26:46","date_gmt":"2024-09-23T12:26:46","guid":{"rendered":"https:\/\/www.radiosanctispiritus.cu\/es\/?p=34619"},"modified":"2024-09-19T16:36:24","modified_gmt":"2024-09-19T20:36:24","slug":"cesar-perez-trovador-de-la-vieja-guardia","status":"publish","type":"post","link":"https:\/\/www.radiosanctispiritus.cu\/es\/cesar-perez-trovador-de-la-vieja-guardia\/","title":{"rendered":"C\u00e9sar P\u00e9rez: Trovador de la vieja guardia"},"content":{"rendered":"<p>Un d\u00eda como hoy Sancti Spiritus conmemora el aniversario 32 del fallecimiento del trovador C\u00e9sar P\u00e9rez.<\/p>\n<p>Trovador de la vieja guardia, de los aut\u00e9nticos, hizo de la guitarra su perenne compa\u00f1era.<\/p>\n<p>Con una voz nacida para las madrugadas y las descargas trovadorescas, su presencia en la m\u00fasica espirituana fue fundamental.<\/p>\n<p>Como colof\u00f3n a su destacada carrera baste decir que C\u00e9sar P\u00e9rez integr\u00f3 por varios a\u00f1os el Tr\u00edo Miraflores.<\/p>\n<p>La modestia lo acompa\u00f1\u00f3 y el hecho de proceder de una familia musical le abri\u00f3 desde muy joven las puertas de las guitarras y las voces.<\/p>\n<p>Si bien no fue un compositor de abundante obra, una de sus canciones \u201cComo el alba\u201d se inscribe entre las m\u00e1s hermosas de la trova espirituana. La obra tiene un lirismo y una sencillez que impresiona.<\/p>\n<p>\u201cTus ojos son dos luceros<\/p>\n<p>De tierna lumbre<\/p>\n<p>Tus ojos de raro hechizo<\/p>\n<p>son como el alba\u201d.<\/p>\n<p>Cesar P\u00e9rez fue sobre todo un animador y asiduo participante de pe\u00f1as, serenatas y descargas. Su don para hacer voces y el conocimiento y dominio de un amplio repertorio de la trova cubana lo hac\u00edan indispensable.<\/p>\n<p>Su car\u00e1cter di\u00e1fano y amistoso le granjearon el cari\u00f1o de los espirituanos que hoy lo recuerdan.<\/p>\n<p>En la actualidad su hija Yania sigue su ejemplo y es una de las mejores voces femeninas espirituanas.<\/p>\n<p>&nbsp;<\/p>\n","protected":false},"excerpt":{"rendered":"<p>Un d\u00eda como hoy Sancti Spiritus conmemora el aniversario 32 del fallecimiento del trovador C\u00e9sar P\u00e9rez. Trovador de la vieja guardia, de los aut\u00e9nticos, hizo de la guitarra su perenne compa\u00f1era. Con una voz nacida para las madrugadas y las descargas trovadorescas, su presencia en la m\u00fasica espirituana fue fundamental. Como colof\u00f3n a su destacada [&hellip;]<\/p>\n","protected":false},"author":163,"featured_media":34624,"comment_status":"open","ping_status":"open","sticky":false,"template":"","format":"standard","meta":{"_acf_changed":false,"footnotes":""},"categories":[1023],"tags":[],"coauthors":[],"class_list":["post-34619","post","type-post","status-publish","format-standard","has-post-thumbnail","hentry","category-el-balcon-del-soto"],"acf":[],"_links":{"self":[{"href":"https:\/\/www.radiosanctispiritus.cu\/es\/wp-json\/wp\/v2\/posts\/34619","targetHints":{"allow":["GET"]}}],"collection":[{"href":"https:\/\/www.radiosanctispiritus.cu\/es\/wp-json\/wp\/v2\/posts"}],"about":[{"href":"https:\/\/www.radiosanctispiritus.cu\/es\/wp-json\/wp\/v2\/types\/post"}],"author":[{"embeddable":true,"href":"https:\/\/www.radiosanctispiritus.cu\/es\/wp-json\/wp\/v2\/users\/163"}],"replies":[{"embeddable":true,"href":"https:\/\/www.radiosanctispiritus.cu\/es\/wp-json\/wp\/v2\/comments?post=34619"}],"version-history":[{"count":0,"href":"https:\/\/www.radiosanctispiritus.cu\/es\/wp-json\/wp\/v2\/posts\/34619\/revisions"}],"wp:featuredmedia":[{"embeddable":true,"href":"https:\/\/www.radiosanctispiritus.cu\/es\/wp-json\/wp\/v2\/media\/34624"}],"wp:attachment":[{"href":"https:\/\/www.radiosanctispiritus.cu\/es\/wp-json\/wp\/v2\/media?parent=34619"}],"wp:term":[{"taxonomy":"category","embeddable":true,"href":"https:\/\/www.radiosanctispiritus.cu\/es\/wp-json\/wp\/v2\/categories?post=34619"},{"taxonomy":"post_tag","embeddable":true,"href":"https:\/\/www.radiosanctispiritus.cu\/es\/wp-json\/wp\/v2\/tags?post=34619"},{"taxonomy":"author","embeddable":true,"href":"https:\/\/www.radiosanctispiritus.cu\/es\/wp-json\/wp\/v2\/coauthors?post=34619"}],"curies":[{"name":"wp","href":"https:\/\/api.w.org\/{rel}","templated":true}]}}