{"id":34618,"date":"2024-09-20T09:26:43","date_gmt":"2024-09-20T13:26:43","guid":{"rendered":"https:\/\/www.radiosanctispiritus.cu\/es\/?p=34618"},"modified":"2024-09-19T16:32:23","modified_gmt":"2024-09-19T20:32:23","slug":"la-tertulia-cultural","status":"publish","type":"post","link":"https:\/\/www.radiosanctispiritus.cu\/es\/la-tertulia-cultural\/","title":{"rendered":"La tertulia cultural"},"content":{"rendered":"<p>Se suele pensar \u2013muy err\u00f3neamente- que la cultura espirituana comenz\u00f3 con el triunfo de la Revoluci\u00f3n, mientras se borra de un plumazo un rico antecedente de publicaciones, sociedades, liceos y eventos sociales que acaec\u00edan en esta cuatricentenaria villa.<\/p>\n<p>Desde el siglo XIX las tertulias jugaron un papel importante en la promoci\u00f3n de la cultura local.<\/p>\n<p>Si bien es cierto que las clases pudientes controlaban el acceso a la cultura y el mecenazgo se impon\u00eda como \u00fanica colaboraci\u00f3n con el artista, en las fastuosas casas particulares, liceos y sociedades las manifestaciones art\u00edsticas ten\u00edan una sistem\u00e1tica presencia.<\/p>\n<p>Recepciones, saraos y tertulias eran escenario para la conversaci\u00f3n inteligente y culta. Ese espacio lo hemos ido perdiendo poco a poco.<\/p>\n<p>Es indudable que en un mundo agitado desaparece el h\u00e1bito de la tertulia, de conversar sobre temas inteligentes y de escuchar en un ambiente apropiado buena m\u00fasica. Desde Siglos pasados las tertulias formaron parte de nuestra tradici\u00f3n.<\/p>\n<p>Hace algunos a\u00f1os \u2013 en la d\u00e9cada de los Ochenta para ser exactos- prolifer\u00f3 lo que se dio en llamar T\u00e9 Culturales, que se erig\u00edan en esos necesarios espacios.<\/p>\n<p>Cada museo o biblioteca organizaba su T\u00e9 Cultural. Al sitio acud\u00edan artistas y un p\u00fablico habitual que confraternizaba y compart\u00eda la cultura. Lamentablemente con el paso el tiempo esas tertulias en las instituciones culturales fueron desapareciendo.<\/p>\n<p>Quedan excepciones: El Museo Provincial de historia a\u00fan mantiene su T\u00e9 Cultural, la Sociedad Cultural \u201cJos\u00e9 Mart\u00ed\u201d mantiene su Caf\u00e9 Bonaparte\u201d. Otras instituciones como la Biblioteca Provincial y la casa de Cultura tambi\u00e9n abren espacios a la tertulia.<\/p>\n<p>Sistematicidad, puntualidad, una propuesta atractiva y un buen anfitri\u00f3n son requisitos indispensables para el \u00e9xito de una tertulia.<\/p>\n<p>En tiempos en que otros h\u00e1bitos: los del reguet\u00f3n y el alcohol, los de la plaza p\u00fablica y el baile pugnan por imponerse, resulta alentador que defendamos propuestas como de este tipo.<\/p>\n<p>Puede que sus asistentes no se cuenten por miles en cada edici\u00f3n, pero qu\u00e9 bien hace poder reunirnos, sencillamente a tertuliar sobre cultura.<\/p>\n<p>Tambi\u00e9n esta es una excelente forma de recrearnos.<\/p>\n","protected":false},"excerpt":{"rendered":"<p>Se suele pensar \u2013muy err\u00f3neamente- que la cultura espirituana comenz\u00f3 con el triunfo de la Revoluci\u00f3n, mientras se borra de un plumazo un rico antecedente de publicaciones, sociedades, liceos y eventos sociales que acaec\u00edan en esta cuatricentenaria villa. Desde el siglo XIX las tertulias jugaron un papel importante en la promoci\u00f3n de la cultura local. [&hellip;]<\/p>\n","protected":false},"author":163,"featured_media":34623,"comment_status":"open","ping_status":"open","sticky":false,"template":"","format":"standard","meta":{"_acf_changed":false,"footnotes":""},"categories":[1023],"tags":[],"coauthors":[],"class_list":["post-34618","post","type-post","status-publish","format-standard","has-post-thumbnail","hentry","category-el-balcon-del-soto"],"acf":[],"_links":{"self":[{"href":"https:\/\/www.radiosanctispiritus.cu\/es\/wp-json\/wp\/v2\/posts\/34618","targetHints":{"allow":["GET"]}}],"collection":[{"href":"https:\/\/www.radiosanctispiritus.cu\/es\/wp-json\/wp\/v2\/posts"}],"about":[{"href":"https:\/\/www.radiosanctispiritus.cu\/es\/wp-json\/wp\/v2\/types\/post"}],"author":[{"embeddable":true,"href":"https:\/\/www.radiosanctispiritus.cu\/es\/wp-json\/wp\/v2\/users\/163"}],"replies":[{"embeddable":true,"href":"https:\/\/www.radiosanctispiritus.cu\/es\/wp-json\/wp\/v2\/comments?post=34618"}],"version-history":[{"count":0,"href":"https:\/\/www.radiosanctispiritus.cu\/es\/wp-json\/wp\/v2\/posts\/34618\/revisions"}],"wp:featuredmedia":[{"embeddable":true,"href":"https:\/\/www.radiosanctispiritus.cu\/es\/wp-json\/wp\/v2\/media\/34623"}],"wp:attachment":[{"href":"https:\/\/www.radiosanctispiritus.cu\/es\/wp-json\/wp\/v2\/media?parent=34618"}],"wp:term":[{"taxonomy":"category","embeddable":true,"href":"https:\/\/www.radiosanctispiritus.cu\/es\/wp-json\/wp\/v2\/categories?post=34618"},{"taxonomy":"post_tag","embeddable":true,"href":"https:\/\/www.radiosanctispiritus.cu\/es\/wp-json\/wp\/v2\/tags?post=34618"},{"taxonomy":"author","embeddable":true,"href":"https:\/\/www.radiosanctispiritus.cu\/es\/wp-json\/wp\/v2\/coauthors?post=34618"}],"curies":[{"name":"wp","href":"https:\/\/api.w.org\/{rel}","templated":true}]}}