{"id":34471,"date":"2024-09-17T20:49:22","date_gmt":"2024-09-18T00:49:22","guid":{"rendered":"https:\/\/www.radiosanctispiritus.cu\/es\/?p=34471"},"modified":"2024-09-17T20:58:36","modified_gmt":"2024-09-18T00:58:36","slug":"espirituanos-se-suman-a-programa-por-aniversario-cederista","status":"publish","type":"post","link":"https:\/\/www.radiosanctispiritus.cu\/es\/espirituanos-se-suman-a-programa-por-aniversario-cederista\/","title":{"rendered":"Espirituanos se suman a programa por aniversario cederista"},"content":{"rendered":"<p>Los Comit\u00e9s de Defensa de la Revoluci\u00f3n (CDR) en el municipio Sancti Sp\u00edritus celebran su 64 aniversario con una serie de actividades, seg\u00fan Yail\u00ed Villegas Valdez, coordinadora de la organizaci\u00f3n. Las celebraciones comenzaron con trabajos productivos y de embellecimiento en todas las cuadras, no solo en honor al aniversario, sino tambi\u00e9n como parte de las rendiciones de cuentas. <\/p>\n<p>Adem\u00e1s, se realizar\u00e1n actividades de reconocimiento a zonas y CDR destacados, junto con guardias nacionales y donaciones de sangre. Las actividades culminar\u00e1n con un evento municipal en el consejo popular Kilo 12, donde se entregar\u00e1n medallas y reconocimientos a los vanguardias nacionales.<\/p>\n<p><iframe src=\"https:\/\/www.ivoox.com\/player_ej_133911303_6_1.html?c1=7a0d0b\" width=\"100%\" height=\"200\" frameborder=\"0\" allowfullscreen=\"\" scrolling=\"no\" loading=\"lazy\"><\/iframe><\/p>\n","protected":false},"excerpt":{"rendered":"<p>Los Comit\u00e9s de Defensa de la Revoluci\u00f3n (CDR) en el municipio Sancti Sp\u00edritus celebran su 64 aniversario con una serie de actividades.<\/p>\n","protected":false},"author":164,"featured_media":10995,"comment_status":"open","ping_status":"open","sticky":false,"template":"","format":"standard","meta":{"_acf_changed":false,"footnotes":""},"categories":[9,1],"tags":[324,907],"coauthors":[],"class_list":["post-34471","post","type-post","status-publish","format-standard","has-post-thumbnail","hentry","category-en-audio","category-sancti-spiritus","tag-cdr","tag-comites-de-defensa-de-la-revolucion"],"acf":[],"_links":{"self":[{"href":"https:\/\/www.radiosanctispiritus.cu\/es\/wp-json\/wp\/v2\/posts\/34471","targetHints":{"allow":["GET"]}}],"collection":[{"href":"https:\/\/www.radiosanctispiritus.cu\/es\/wp-json\/wp\/v2\/posts"}],"about":[{"href":"https:\/\/www.radiosanctispiritus.cu\/es\/wp-json\/wp\/v2\/types\/post"}],"author":[{"embeddable":true,"href":"https:\/\/www.radiosanctispiritus.cu\/es\/wp-json\/wp\/v2\/users\/164"}],"replies":[{"embeddable":true,"href":"https:\/\/www.radiosanctispiritus.cu\/es\/wp-json\/wp\/v2\/comments?post=34471"}],"version-history":[{"count":0,"href":"https:\/\/www.radiosanctispiritus.cu\/es\/wp-json\/wp\/v2\/posts\/34471\/revisions"}],"wp:featuredmedia":[{"embeddable":true,"href":"https:\/\/www.radiosanctispiritus.cu\/es\/wp-json\/wp\/v2\/media\/10995"}],"wp:attachment":[{"href":"https:\/\/www.radiosanctispiritus.cu\/es\/wp-json\/wp\/v2\/media?parent=34471"}],"wp:term":[{"taxonomy":"category","embeddable":true,"href":"https:\/\/www.radiosanctispiritus.cu\/es\/wp-json\/wp\/v2\/categories?post=34471"},{"taxonomy":"post_tag","embeddable":true,"href":"https:\/\/www.radiosanctispiritus.cu\/es\/wp-json\/wp\/v2\/tags?post=34471"},{"taxonomy":"author","embeddable":true,"href":"https:\/\/www.radiosanctispiritus.cu\/es\/wp-json\/wp\/v2\/coauthors?post=34471"}],"curies":[{"name":"wp","href":"https:\/\/api.w.org\/{rel}","templated":true}]}}