{"id":34233,"date":"2024-09-13T23:24:26","date_gmt":"2024-09-14T03:24:26","guid":{"rendered":"https:\/\/www.radiosanctispiritus.cu\/es\/?p=34233"},"modified":"2024-09-14T04:26:43","modified_gmt":"2024-09-14T08:26:43","slug":"asiste-diaz-canel-al-pleno-del-pcc-en-sancti-spiritus","status":"publish","type":"post","link":"https:\/\/www.radiosanctispiritus.cu\/es\/asiste-diaz-canel-al-pleno-del-pcc-en-sancti-spiritus\/","title":{"rendered":"Pleno partidista en Sancti Sp\u00edritus valora acciones para reimpulsar la econom\u00eda (+ audios)"},"content":{"rendered":"<p>Con la presencia del Primer Secretario del Comit\u00e9 Central del Partido Comunista de Cuba y Presidente de la Rep\u00fablica, Miguel D\u00edaz-Canel Berm\u00fadez, sesion\u00f3 este viernes en Sancti Sp\u00edritus el Pleno Extraordinario\u00a0 de la organizaci\u00f3n partidista para evaluar los resultados de la provincia en funci\u00f3n de corregir distorsiones y reimpulsar la econom\u00eda en el presente a\u00f1o.<\/p>\n<p>La reuni\u00f3n, que cont\u00f3 adem\u00e1s con la presencia\u00a0 del Secretario de Organizaci\u00f3n del Comit\u00e9 Central, Roberto\u00a0 Morales Ojeda, evalu\u00f3 tambi\u00e9n el tratamiento dado a los se\u00f1alamientos de las visitas anteriores.<\/p>\n<p>La miembro del Comit\u00e9 Central y primera secretar\u00eda del Partido en la provincia,\u00a0 Deivy P\u00e9rez Mart\u00edn,\u00a0 present\u00f3 el informe del trabajo desarrollado en el territorio a tono con las indicaciones del VIII Pleno del Comit\u00e9 Central dirigidas, b\u00e1sicamente, a fortalecer la labor de la militancia para incrementar las diferentes actividades del quehacer socioecon\u00f3mico.<\/p>\n<div id=\"attachment_34257\" style=\"width: 610px\" class=\"wp-caption aligncenter\"><img decoding=\"async\" aria-describedby=\"caption-attachment-34257\" class=\"size-medium wp-image-34257\" src=\"https:\/\/www.radiosanctispiritus.cu\/es\/wp-content\/uploads\/deivy-en-el-pleno-600x450.jpg\" alt=\"Foto: Elsa Ramos Ram\u00edrez.\" width=\"600\" height=\"450\" srcset=\"https:\/\/www.radiosanctispiritus.cu\/es\/wp-content\/uploads\/deivy-en-el-pleno-600x450.jpg 600w, https:\/\/www.radiosanctispiritus.cu\/es\/wp-content\/uploads\/deivy-en-el-pleno.jpg 667w\" sizes=\"(max-width: 600px) 100vw, 600px\" \/><p id=\"caption-attachment-34257\" class=\"wp-caption-text\">Foto: Elsa Ramos Ram\u00edrez.<\/p><\/div>\n<p>En relaci\u00f3n con la producci\u00f3n de alimentos, la dirigente destac\u00f3 que aunque se sobrecumpli\u00f3 el plan de siembra de cultivos varios con 37 mil hect\u00e1reas,\u00a0 quedan potencialidades para una mayor respuesta seg\u00fan la demanda.<\/p>\n<p>En este sentido llam\u00f3 la atenci\u00f3n sobre el incumplimiento del plan de producci\u00f3n de leche e insisti\u00f3 en la necesidad de lograr contrataciones m\u00e1s objetivas para que el producto llegue a su real destino.<\/p>\n<blockquote class=\"twitter-tweet\">\n<p dir=\"ltr\" lang=\"es\">Sobre las acciones para que <a href=\"https:\/\/twitter.com\/hashtag\/SanctiSp%C3%ADritus?src=hash&amp;ref_src=twsrc%5Etfw\" target=\"_blank\" rel=\"noopener noreferrer nofollow\">#SanctiSp\u00edritus<\/a> contin\u00fae la marcha en el cumplimiento de las prioridades definidas para este a\u00f1o debatimos, junto a <a href=\"https:\/\/twitter.com\/DiazCanelB?ref_src=twsrc%5Etfw\" target=\"_blank\" rel=\"noopener noreferrer nofollow\">@DiazCanelB<\/a>, con los participantes en el Pleno Extraordinario del Comit\u00e9 Provincial del Partido. <a href=\"https:\/\/twitter.com\/hashtag\/UnidosXCuba?src=hash&amp;ref_src=twsrc%5Etfw\" target=\"_blank\" rel=\"noopener noreferrer nofollow\">#UnidosXCuba<\/a> <a href=\"https:\/\/t.co\/6VRX8uYo4K\" target=\"_blank\" rel=\"noopener noreferrer nofollow\">pic.twitter.com\/6VRX8uYo4K<\/a><\/p>\n<p>\u2014 Dr. Roberto Morales Ojeda (@DrRobertoMOjeda) <a href=\"https:\/\/twitter.com\/DrRobertoMOjeda\/status\/1834611519973138443?ref_src=twsrc%5Etfw\" target=\"_blank\" rel=\"noopener noreferrer nofollow\">September 13, 2024<\/a><\/p><\/blockquote>\n<p>En la esfera social el informe resalt\u00f3 la tasa de 3, 9 por cada mil nacidos vivos que presenta el territorio, aunque se\u00f1al\u00f3 la disminuci\u00f3n de los nacimientos en cerca de 370.<\/p>\n<p>La primera secretar\u00eda del Partido en la provincia enfatiz\u00f3 en la necesidad de seguir atendiendo el problema de la cobertura docente, que se encuentra a un 74, 5\u00a0 % en el territorio.<\/p>\n<div id=\"attachment_34258\" style=\"width: 610px\" class=\"wp-caption aligncenter\"><img decoding=\"async\" aria-describedby=\"caption-attachment-34258\" class=\"size-medium wp-image-34258\" src=\"https:\/\/www.radiosanctispiritus.cu\/es\/wp-content\/uploads\/participante-pleno-600x450.jpg\" alt=\"Foto: Elsa Ramos Ram\u00edrez.\" width=\"600\" height=\"450\" srcset=\"https:\/\/www.radiosanctispiritus.cu\/es\/wp-content\/uploads\/participante-pleno-600x450.jpg 600w, https:\/\/www.radiosanctispiritus.cu\/es\/wp-content\/uploads\/participante-pleno.jpg 667w\" sizes=\"(max-width: 600px) 100vw, 600px\" \/><p id=\"caption-attachment-34258\" class=\"wp-caption-text\">Foto: Elsa Ramos Ram\u00edrez.<\/p><\/div>\n<p>Los participantes en el Pleno refirieron las acciones de enfrentamiento para resolver anomal\u00edas de la bancarizaci\u00f3n a\u00fan cuando se han incrementado los niveles del proceso, con un 91 por ciento\u00a0 en el sector estatal y un 94 por ciento en el no estatal.<\/p>\n<p>Al intervenir en el Pleno, el presidente cubano se interes\u00f3 por el impacto de las acciones de enfrentamiento para mitigar la evasi\u00f3n fiscal por parte de los actores econ\u00f3micos no estatales en el caso del municipio de Yaguajay, \u00a0una pr\u00e1ctica que debe aplicarse en todo el pa\u00eds.\u00bbLo importante no es solo imponer las multas sino cobrarlas y ver c\u00f3mo influyen en la disminuci\u00f3n del d\u00e9ficit presupuestario\u00bb.<\/p>\n<p>El presidente llam\u00f3 la atenci\u00f3n sobre el fen\u00f3meno de la bancarizaci\u00f3n en el sector campesino.<\/p>\n<p><iframe src=\"https:\/\/www.ivoox.com\/player_ej_133782349_6_1.html?c1=cc0404\" width=\"100%\" height=\"200\" frameborder=\"0\" scrolling=\"no\" allowfullscreen=\"allowfullscreen\"><\/iframe><\/p>\n<p>D\u00edaz-Canel inst\u00f3 a mantener acciones sistem\u00e1ticas de control a partir del resultado que arroja lo que se ha hecho. Y lo ejemplific\u00f3 a partir de un caso expuesto en el Pleno de que en dos meses la provincia cobr\u00f3 m\u00e1s de 123 millones de pesos por concepto de evasi\u00f3n fiscal de los actores no estatales.<\/p>\n<p>En este punto, el presidente cubano reflexion\u00f3 acerca de la necesidad de incorporar\u00a0 los actores econ\u00f3micos al plan de la econom\u00eda.<\/p>\n<p><iframe src=\"https:\/\/www.ivoox.com\/player_ej_133783290_6_1.html?c1=cc0404\" width=\"100%\" height=\"200\" frameborder=\"0\" scrolling=\"no\" allowfullscreen=\"allowfullscreen\"><\/iframe><\/p>\n<p>Por su parte, el miembro del Bur\u00f3 Pol\u00edtico y secretario de Organizaci\u00f3n del Comit\u00e9 Central del PCC, Roberto Morales, reiter\u00f3 el reconocimiento a Sancti Sp\u00edritus por su avance en varios frentes, lo cual no implica la inexistencia de problemas.<\/p>\n<p><iframe src=\"https:\/\/www.ivoox.com\/player_ej_133785110_6_1.html?c1=cc0404\" width=\"100%\" height=\"200\" frameborder=\"0\" scrolling=\"no\" allowfullscreen=\"allowfullscreen\"><\/iframe><\/p>\n<p>Al finalizar el Pleno, el Primer Secretario del Comit\u00e9 Central del Partido Comunista de Cuba y Presidente de la Rep\u00fablica Miguel D\u00edaz-Canel se refiri\u00f3 a la necesidad de revertir la actual situaci\u00f3n que vive el pa\u00eds sobre la base del trabajo.<\/p>\n<p><iframe src=\"https:\/\/www.ivoox.com\/player_ej_133785223_6_1.html?c1=cc0404\" width=\"100%\" height=\"200\" frameborder=\"0\" scrolling=\"no\" allowfullscreen=\"allowfullscreen\"><\/iframe><\/p>\n","protected":false},"excerpt":{"rendered":"<p>Con la presencia del Primer Secretario del Comit\u00e9 Central del Partido Comunista de Cuba y Presidente de la Rep\u00fablica Miguel D\u00edaz-Canel Berm\u00fadez sesion\u00f3 este viernes en Sancti Sp\u00edritus el Pleno Extraordinario\u00a0 de la organizaci\u00f3n partidista para evaluar los resultados de la provincia en funci\u00f3n de corregir distorsiones y reimpulsar la econom\u00eda en el presente a\u00f1o.<\/p>\n","protected":false},"author":14,"featured_media":34249,"comment_status":"open","ping_status":"open","sticky":false,"template":"","format":"standard","meta":{"_acf_changed":false,"footnotes":""},"categories":[16,9,8,1,12],"tags":[44,1223,964,28,74],"coauthors":[],"class_list":["post-34233","post","type-post","status-publish","format-standard","has-post-thumbnail","hentry","category-economia","category-en-audio","category-noticia","category-sancti-spiritus","category-sugerencia","tag-deivy-perez-martin","tag-distorsiones","tag-economia-cubana","tag-miguel-diaz-canel","tag-partido-comunista-de-cuba"],"acf":[],"_links":{"self":[{"href":"https:\/\/www.radiosanctispiritus.cu\/es\/wp-json\/wp\/v2\/posts\/34233","targetHints":{"allow":["GET"]}}],"collection":[{"href":"https:\/\/www.radiosanctispiritus.cu\/es\/wp-json\/wp\/v2\/posts"}],"about":[{"href":"https:\/\/www.radiosanctispiritus.cu\/es\/wp-json\/wp\/v2\/types\/post"}],"author":[{"embeddable":true,"href":"https:\/\/www.radiosanctispiritus.cu\/es\/wp-json\/wp\/v2\/users\/14"}],"replies":[{"embeddable":true,"href":"https:\/\/www.radiosanctispiritus.cu\/es\/wp-json\/wp\/v2\/comments?post=34233"}],"version-history":[{"count":0,"href":"https:\/\/www.radiosanctispiritus.cu\/es\/wp-json\/wp\/v2\/posts\/34233\/revisions"}],"wp:featuredmedia":[{"embeddable":true,"href":"https:\/\/www.radiosanctispiritus.cu\/es\/wp-json\/wp\/v2\/media\/34249"}],"wp:attachment":[{"href":"https:\/\/www.radiosanctispiritus.cu\/es\/wp-json\/wp\/v2\/media?parent=34233"}],"wp:term":[{"taxonomy":"category","embeddable":true,"href":"https:\/\/www.radiosanctispiritus.cu\/es\/wp-json\/wp\/v2\/categories?post=34233"},{"taxonomy":"post_tag","embeddable":true,"href":"https:\/\/www.radiosanctispiritus.cu\/es\/wp-json\/wp\/v2\/tags?post=34233"},{"taxonomy":"author","embeddable":true,"href":"https:\/\/www.radiosanctispiritus.cu\/es\/wp-json\/wp\/v2\/coauthors?post=34233"}],"curies":[{"name":"wp","href":"https:\/\/api.w.org\/{rel}","templated":true}]}}