{"id":33987,"date":"2024-09-09T21:24:47","date_gmt":"2024-09-10T01:24:47","guid":{"rendered":"https:\/\/www.radiosanctispiritus.cu\/es\/?p=33987"},"modified":"2024-09-09T21:24:47","modified_gmt":"2024-09-10T01:24:47","slug":"combatientes-espirituanos-alistan-debate-de-importantes-temas","status":"publish","type":"post","link":"https:\/\/www.radiosanctispiritus.cu\/es\/combatientes-espirituanos-alistan-debate-de-importantes-temas\/","title":{"rendered":"Combatientes espirituanos alistan debate de importantes temas"},"content":{"rendered":"<p>La Conferencia Provincial de la Asociaci\u00f3n de Combatientes de la Revoluci\u00f3n Cubana en Sancti Sp\u00edritus, programada para el 22 de septiembre en el teatro de la Universidad Jos\u00e9 Mart\u00ed P\u00e9rez, abordar\u00e1 temas clave como el trabajo patri\u00f3tico militar, el internacionalismo y el autofinanciamiento. Delegados e invitados debatir\u00e1n aspectos de inter\u00e9s desde la creaci\u00f3n de la asociaci\u00f3n, revisando el funcionamiento de las delegaciones de base, la atenci\u00f3n a los combatientes y el papel de la asociaci\u00f3n en barrios y comunidades.<\/p>\n<p>Este evento es el resultado de un proceso previo que incluy\u00f3 681 asambleas de base y ocho conferencias municipales. Los combatientes espirituanos evaluar\u00e1n su desempe\u00f1o y discutir\u00e1n estrategias para fortalecer su labor en la provincia. La conferencia promete ser un espacio crucial para reflexionar sobre el impacto y la evoluci\u00f3n de la asociaci\u00f3n en la regi\u00f3n, reafirmando su compromiso con la Revoluci\u00f3n Cubana y la comunidad local.<\/p>\n<p><iframe src=\"https:\/\/www.ivoox.com\/player_ej_133632287_6_1.html?c1=7a0d0b\" width=\"100%\" height=\"200\" frameborder=\"0\" allowfullscreen=\"\" scrolling=\"no\" loading=\"lazy\"><\/iframe><\/p>\n","protected":false},"excerpt":{"rendered":"<p>El funcionamiento interno del trabajo patri\u00f3tico militar e internacionalista y el autofinanciamiento entre otros temas centrar\u00e1n los debates de la Conferencia Provincial de la Asociaci\u00f3n de Combatientes de la Revoluci\u00f3n Cubana en Sancti Sp\u00edritus.<\/p>\n","protected":false},"author":164,"featured_media":33999,"comment_status":"open","ping_status":"open","sticky":false,"template":"","format":"standard","meta":{"_acf_changed":false,"footnotes":""},"categories":[9,8,1],"tags":[329,328],"coauthors":[],"class_list":["post-33987","post","type-post","status-publish","format-standard","has-post-thumbnail","hentry","category-en-audio","category-noticia","category-sancti-spiritus","tag-acrc","tag-combatientes"],"acf":[],"_links":{"self":[{"href":"https:\/\/www.radiosanctispiritus.cu\/es\/wp-json\/wp\/v2\/posts\/33987","targetHints":{"allow":["GET"]}}],"collection":[{"href":"https:\/\/www.radiosanctispiritus.cu\/es\/wp-json\/wp\/v2\/posts"}],"about":[{"href":"https:\/\/www.radiosanctispiritus.cu\/es\/wp-json\/wp\/v2\/types\/post"}],"author":[{"embeddable":true,"href":"https:\/\/www.radiosanctispiritus.cu\/es\/wp-json\/wp\/v2\/users\/164"}],"replies":[{"embeddable":true,"href":"https:\/\/www.radiosanctispiritus.cu\/es\/wp-json\/wp\/v2\/comments?post=33987"}],"version-history":[{"count":0,"href":"https:\/\/www.radiosanctispiritus.cu\/es\/wp-json\/wp\/v2\/posts\/33987\/revisions"}],"wp:featuredmedia":[{"embeddable":true,"href":"https:\/\/www.radiosanctispiritus.cu\/es\/wp-json\/wp\/v2\/media\/33999"}],"wp:attachment":[{"href":"https:\/\/www.radiosanctispiritus.cu\/es\/wp-json\/wp\/v2\/media?parent=33987"}],"wp:term":[{"taxonomy":"category","embeddable":true,"href":"https:\/\/www.radiosanctispiritus.cu\/es\/wp-json\/wp\/v2\/categories?post=33987"},{"taxonomy":"post_tag","embeddable":true,"href":"https:\/\/www.radiosanctispiritus.cu\/es\/wp-json\/wp\/v2\/tags?post=33987"},{"taxonomy":"author","embeddable":true,"href":"https:\/\/www.radiosanctispiritus.cu\/es\/wp-json\/wp\/v2\/coauthors?post=33987"}],"curies":[{"name":"wp","href":"https:\/\/api.w.org\/{rel}","templated":true}]}}