{"id":33933,"date":"2024-09-07T14:36:48","date_gmt":"2024-09-07T18:36:48","guid":{"rendered":"https:\/\/www.radiosanctispiritus.cu\/es\/?p=33933"},"modified":"2024-09-07T14:36:48","modified_gmt":"2024-09-07T18:36:48","slug":"su-recuerdo-cerca-del-mar-y-del-monte","status":"publish","type":"post","link":"https:\/\/www.radiosanctispiritus.cu\/es\/su-recuerdo-cerca-del-mar-y-del-monte\/","title":{"rendered":"Su recuerdo \u201cCerca del mar y del monte\u201d"},"content":{"rendered":"<p>Un d\u00eda como hoy, 7 de setiembre, y hace diez a\u00f1os, falleci\u00f3 en Trinidad Pedrito Gonz\u00e1lez.<\/p>\n<p>Pedro D\u00e1maso Gonz\u00e1lez Lozano naci\u00f3 en la ciudad de Trinidad. Su padre, tambi\u00e9n trovador, le inculc\u00f3 el verdadero valor de la m\u00fasica. Madre y abuela de igual forma llevaban el canto en la sangre.<\/p>\n<p>Con su fallecimiento Trinidad perdi\u00f3 a uno de sus hijos m\u00e1s ilustres.<\/p>\n<p>Hombre de bien y de esp\u00edritu bohemio,transitaba en medio de la noche por calles empedradas hasta culminar en la Casa de la Trova donde era esperado con su guitarra.<\/p>\n<p>Hace diez a\u00f1os a sus 58 a Pedrito el coraz\u00f3n le jug\u00f3 una mala pasada y lo puso a vivir en la inmortalidad.<\/p>\n<p>Su obra mayor fue fundar el d\u00fao Escambray, junto a Jos\u00e9 Ferrer. Se unieron por un deseo de cantar la trova. Inicialmente no se llam\u00f3 Escambray, sino Los Sindos, en homenaje a Sindo Garay.<\/p>\n<p>El d\u00fao constituy\u00f3 durante a\u00f1os un fen\u00f3meno de aceptaci\u00f3n popular por el empaste de las voces y la original manera de hacer coincidir tradici\u00f3n y modernidad en sus interpretaciones.<\/p>\n<p>Despu\u00e9s de viajar medio mundo y conquistar al p\u00fablico de la isla con temas de indiscutible calidad, el d\u00fao se desintegra en el a\u00f1o 1993.<\/p>\n<p>La producci\u00f3n discogr\u00e1fica del d\u00fao es breve, s\u00f3lo grabaron un disco, <strong>\u201cGuitarra m\u00eda\u201d<\/strong> en el a\u00f1o, 1989, con la EGREM por la firma Siboney en Santiago de Cuba.<\/p>\n<p>Pedrito Gonz\u00e1lez y el d\u00fao Escambray forman parte de las leyendas de Trinidad. Sus voces y sus guitarras a\u00fan resuenan en las noches de la villa y \u201cCerca del mar y del monte\u201d nunca dejar\u00e1 de sonar.<\/p>\n","protected":false},"excerpt":{"rendered":"<p>Un d\u00eda como hoy, 7 de setiembre, y hace diez a\u00f1os, falleci\u00f3 en Trinidad Pedrito Gonz\u00e1lez. Pedro D\u00e1maso Gonz\u00e1lez Lozano naci\u00f3 en la ciudad de Trinidad. Su padre, tambi\u00e9n trovador, le inculc\u00f3 el verdadero valor de la m\u00fasica. Madre y abuela de igual forma llevaban el canto en la sangre. Con su fallecimiento Trinidad perdi\u00f3 [&hellip;]<\/p>\n","protected":false},"author":163,"featured_media":33934,"comment_status":"open","ping_status":"open","sticky":false,"template":"","format":"standard","meta":{"_acf_changed":false,"footnotes":""},"categories":[1023],"tags":[],"coauthors":[],"class_list":["post-33933","post","type-post","status-publish","format-standard","has-post-thumbnail","hentry","category-el-balcon-del-soto"],"acf":[],"_links":{"self":[{"href":"https:\/\/www.radiosanctispiritus.cu\/es\/wp-json\/wp\/v2\/posts\/33933","targetHints":{"allow":["GET"]}}],"collection":[{"href":"https:\/\/www.radiosanctispiritus.cu\/es\/wp-json\/wp\/v2\/posts"}],"about":[{"href":"https:\/\/www.radiosanctispiritus.cu\/es\/wp-json\/wp\/v2\/types\/post"}],"author":[{"embeddable":true,"href":"https:\/\/www.radiosanctispiritus.cu\/es\/wp-json\/wp\/v2\/users\/163"}],"replies":[{"embeddable":true,"href":"https:\/\/www.radiosanctispiritus.cu\/es\/wp-json\/wp\/v2\/comments?post=33933"}],"version-history":[{"count":0,"href":"https:\/\/www.radiosanctispiritus.cu\/es\/wp-json\/wp\/v2\/posts\/33933\/revisions"}],"wp:featuredmedia":[{"embeddable":true,"href":"https:\/\/www.radiosanctispiritus.cu\/es\/wp-json\/wp\/v2\/media\/33934"}],"wp:attachment":[{"href":"https:\/\/www.radiosanctispiritus.cu\/es\/wp-json\/wp\/v2\/media?parent=33933"}],"wp:term":[{"taxonomy":"category","embeddable":true,"href":"https:\/\/www.radiosanctispiritus.cu\/es\/wp-json\/wp\/v2\/categories?post=33933"},{"taxonomy":"post_tag","embeddable":true,"href":"https:\/\/www.radiosanctispiritus.cu\/es\/wp-json\/wp\/v2\/tags?post=33933"},{"taxonomy":"author","embeddable":true,"href":"https:\/\/www.radiosanctispiritus.cu\/es\/wp-json\/wp\/v2\/coauthors?post=33933"}],"curies":[{"name":"wp","href":"https:\/\/api.w.org\/{rel}","templated":true}]}}