{"id":33806,"date":"2024-09-05T21:14:26","date_gmt":"2024-09-06T01:14:26","guid":{"rendered":"https:\/\/www.radiosanctispiritus.cu\/es\/?p=33806"},"modified":"2024-09-06T07:57:34","modified_gmt":"2024-09-06T11:57:34","slug":"sancti-spiritus-sede-del-acto-nacional-por-aniversario-del-sindicato-de-industrias","status":"publish","type":"post","link":"https:\/\/www.radiosanctispiritus.cu\/es\/sancti-spiritus-sede-del-acto-nacional-por-aniversario-del-sindicato-de-industrias\/","title":{"rendered":"Sancti Sp\u00edritus, sede del Acto nacional por aniversario del Sindicato de Industrias"},"content":{"rendered":"<p>La provincia de Sancti Sp\u00edritus ha sido seleccionada como sede del aActo nacional por el XI aniversario del Sindicato de Industrias, debido a sus destacados resultados econ\u00f3micos y sindicales.<\/p>\n<p>La f\u00e1brica de almohadillas sanitarias Mathisa, una de las tres existentes a nivel nacional, ha sido elegida para celebrar este evento gracias a su joven y entusiasta colectivo, que ha demostrado un desempe\u00f1o notable.<\/p>\n<p>Para conmemorar este aniversario, los colectivos de industrias en Sancti Sp\u00edritus han llevado a cabo diversas acciones, incluyendo labores de limpieza, embellecimiento e higienizaci\u00f3n de sus instalaciones.<\/p>\n<p>Adem\u00e1s, han apoyado la producci\u00f3n de alimentos mediante trabajos voluntarios y han cumplido con los principales indicadores econ\u00f3micos desde sus respectivas \u00e1reas.<\/p>\n<p><iframe src=\"https:\/\/www.ivoox.com\/player_ej_133514553_6_1.html?c1=7a0d0b\" width=\"100%\" height=\"200\" frameborder=\"0\" scrolling=\"no\" allowfullscreen=\"allowfullscreen\"><\/iframe><\/p>\n","protected":false},"excerpt":{"rendered":"<p>La provincia de Sancti Sp\u00edritus ha sido seleccionada como sede del acto nacional por el und\u00e9cimo aniversario del Sindicato de Industrias, debido a sus destacados resultados econ\u00f3micos y gremiales.<\/p>\n","protected":false},"author":18,"featured_media":33825,"comment_status":"open","ping_status":"open","sticky":false,"template":"","format":"standard","meta":{"_acf_changed":false,"footnotes":""},"categories":[9,8,1],"tags":[320,684],"coauthors":[],"class_list":["post-33806","post","type-post","status-publish","format-standard","has-post-thumbnail","hentry","category-en-audio","category-noticia","category-sancti-spiritus","tag-industria","tag-sindicato"],"acf":[],"_links":{"self":[{"href":"https:\/\/www.radiosanctispiritus.cu\/es\/wp-json\/wp\/v2\/posts\/33806","targetHints":{"allow":["GET"]}}],"collection":[{"href":"https:\/\/www.radiosanctispiritus.cu\/es\/wp-json\/wp\/v2\/posts"}],"about":[{"href":"https:\/\/www.radiosanctispiritus.cu\/es\/wp-json\/wp\/v2\/types\/post"}],"author":[{"embeddable":true,"href":"https:\/\/www.radiosanctispiritus.cu\/es\/wp-json\/wp\/v2\/users\/18"}],"replies":[{"embeddable":true,"href":"https:\/\/www.radiosanctispiritus.cu\/es\/wp-json\/wp\/v2\/comments?post=33806"}],"version-history":[{"count":0,"href":"https:\/\/www.radiosanctispiritus.cu\/es\/wp-json\/wp\/v2\/posts\/33806\/revisions"}],"wp:featuredmedia":[{"embeddable":true,"href":"https:\/\/www.radiosanctispiritus.cu\/es\/wp-json\/wp\/v2\/media\/33825"}],"wp:attachment":[{"href":"https:\/\/www.radiosanctispiritus.cu\/es\/wp-json\/wp\/v2\/media?parent=33806"}],"wp:term":[{"taxonomy":"category","embeddable":true,"href":"https:\/\/www.radiosanctispiritus.cu\/es\/wp-json\/wp\/v2\/categories?post=33806"},{"taxonomy":"post_tag","embeddable":true,"href":"https:\/\/www.radiosanctispiritus.cu\/es\/wp-json\/wp\/v2\/tags?post=33806"},{"taxonomy":"author","embeddable":true,"href":"https:\/\/www.radiosanctispiritus.cu\/es\/wp-json\/wp\/v2\/coauthors?post=33806"}],"curies":[{"name":"wp","href":"https:\/\/api.w.org\/{rel}","templated":true}]}}