{"id":3380,"date":"2022-10-15T18:21:27","date_gmt":"2022-10-15T22:21:27","guid":{"rendered":"https:\/\/www.radiosanctispiritus.cu\/es\/?p=3380"},"modified":"2022-10-15T18:21:27","modified_gmt":"2022-10-15T22:21:27","slug":"envia-cuba-condolencias-a-turquia-por-victimas-en-explosion","status":"publish","type":"post","link":"https:\/\/www.radiosanctispiritus.cu\/es\/envia-cuba-condolencias-a-turquia-por-victimas-en-explosion\/","title":{"rendered":"Env\u00eda Cuba condolencias a Turqu\u00eda por v\u00edctimas en explosi\u00f3n"},"content":{"rendered":"<p>Bruno Rodr\u00edguez Parrilla, ministro de Relaciones Exteriores de Cuba, envi\u00f3 este s\u00e1bado condolencias al pueblo y gobierno de Turqu\u00eda por las p\u00e9rdidas de vidas humanas como consecuencia de la explosi\u00f3n en una mina de carb\u00f3n en la provincia de Bartin.<\/p>\n<p>En Twitter, el Canciller cubano hizo extensivo su p\u00e9same a los familiares y allegados de las v\u00edctimas.<\/p>\n<p>\u00abTrasladamos nuestras sentidas condolencias al pueblo y gobierno de T\u00fcrkiye por la p\u00e9rdida de vidas humanas y heridos como consecuencia de la explosi\u00f3n en una mina en la provincia de Bartin. Sean extensivas estas a los familiares y allegados de las v\u00edctimas\u00bb.<\/p>\n<p>Seg\u00fan inform\u00f3 la agencia Prensa Latina la cifra de muertos por la tragedia asciende hasta 41, mientras se reportan 11 heridos y se contin\u00faan las b\u00fasquedas para hallar a personas atrapadas en el recinto minero.<\/p>\n","protected":false},"excerpt":{"rendered":"<p>La cifra de muertos por la tragedia asciende hasta 41, mientras se reportan 11 heridos y se contin\u00faan las b\u00fasquedas para hallar a personas atrapadas en el recinto minero.<\/p>\n","protected":false},"author":123,"featured_media":3381,"comment_status":"open","ping_status":"open","sticky":false,"template":"","format":"standard","meta":{"_acf_changed":false,"footnotes":""},"categories":[3,8],"tags":[100,258],"coauthors":[],"class_list":["post-3380","post","type-post","status-publish","format-standard","has-post-thumbnail","hentry","category-cuba","category-noticia","tag-bruno-rodriguez","tag-cuba-turquia"],"acf":[],"_links":{"self":[{"href":"https:\/\/www.radiosanctispiritus.cu\/es\/wp-json\/wp\/v2\/posts\/3380","targetHints":{"allow":["GET"]}}],"collection":[{"href":"https:\/\/www.radiosanctispiritus.cu\/es\/wp-json\/wp\/v2\/posts"}],"about":[{"href":"https:\/\/www.radiosanctispiritus.cu\/es\/wp-json\/wp\/v2\/types\/post"}],"author":[{"embeddable":true,"href":"https:\/\/www.radiosanctispiritus.cu\/es\/wp-json\/wp\/v2\/users\/123"}],"replies":[{"embeddable":true,"href":"https:\/\/www.radiosanctispiritus.cu\/es\/wp-json\/wp\/v2\/comments?post=3380"}],"version-history":[{"count":0,"href":"https:\/\/www.radiosanctispiritus.cu\/es\/wp-json\/wp\/v2\/posts\/3380\/revisions"}],"wp:featuredmedia":[{"embeddable":true,"href":"https:\/\/www.radiosanctispiritus.cu\/es\/wp-json\/wp\/v2\/media\/3381"}],"wp:attachment":[{"href":"https:\/\/www.radiosanctispiritus.cu\/es\/wp-json\/wp\/v2\/media?parent=3380"}],"wp:term":[{"taxonomy":"category","embeddable":true,"href":"https:\/\/www.radiosanctispiritus.cu\/es\/wp-json\/wp\/v2\/categories?post=3380"},{"taxonomy":"post_tag","embeddable":true,"href":"https:\/\/www.radiosanctispiritus.cu\/es\/wp-json\/wp\/v2\/tags?post=3380"},{"taxonomy":"author","embeddable":true,"href":"https:\/\/www.radiosanctispiritus.cu\/es\/wp-json\/wp\/v2\/coauthors?post=3380"}],"curies":[{"name":"wp","href":"https:\/\/api.w.org\/{rel}","templated":true}]}}