{"id":33681,"date":"2024-09-04T16:06:46","date_gmt":"2024-09-04T20:06:46","guid":{"rendered":"https:\/\/www.radiosanctispiritus.cu\/es\/?p=33681"},"modified":"2024-09-04T16:06:46","modified_gmt":"2024-09-04T20:06:46","slug":"agricultura-urbana-prioriza-siembra-de-semillas-para-campana-de-frio","status":"publish","type":"post","link":"https:\/\/www.radiosanctispiritus.cu\/es\/agricultura-urbana-prioriza-siembra-de-semillas-para-campana-de-frio\/","title":{"rendered":"Agricultura urbana prioriza siembra de semillas para campa\u00f1a de fr\u00edo"},"content":{"rendered":"<p>En el municipio Sancti Sp\u00edritus se intenci\u00f3n a la siembra de semilla para potenciar la comercializaci\u00f3n en los organop\u00f3nicos del territorio, principalmente en los meses de invierno.<\/p>\n<p><iframe src=\"https:\/\/www.ivoox.com\/player_ej_133444233_6_1.html?c1=7a0d0b\" width=\"100%\" height=\"200\" frameborder=\"0\" scrolling=\"no\" allowfullscreen=\"allowfullscreen\"><\/iframe><\/p>\n","protected":false},"excerpt":{"rendered":"<p>En el municipio Sancti Sp\u00edritus se intenci\u00f3n a la siembra de semilla para potenciar la comercializaci\u00f3n en los organop\u00f3nicos del territorio, principalmente en los meses de invierno.<\/p>\n","protected":false},"author":164,"featured_media":33683,"comment_status":"open","ping_status":"open","sticky":false,"template":"","format":"standard","meta":{"_acf_changed":false,"footnotes":""},"categories":[9,8],"tags":[],"coauthors":[],"class_list":["post-33681","post","type-post","status-publish","format-standard","has-post-thumbnail","hentry","category-en-audio","category-noticia"],"acf":[],"_links":{"self":[{"href":"https:\/\/www.radiosanctispiritus.cu\/es\/wp-json\/wp\/v2\/posts\/33681","targetHints":{"allow":["GET"]}}],"collection":[{"href":"https:\/\/www.radiosanctispiritus.cu\/es\/wp-json\/wp\/v2\/posts"}],"about":[{"href":"https:\/\/www.radiosanctispiritus.cu\/es\/wp-json\/wp\/v2\/types\/post"}],"author":[{"embeddable":true,"href":"https:\/\/www.radiosanctispiritus.cu\/es\/wp-json\/wp\/v2\/users\/164"}],"replies":[{"embeddable":true,"href":"https:\/\/www.radiosanctispiritus.cu\/es\/wp-json\/wp\/v2\/comments?post=33681"}],"version-history":[{"count":0,"href":"https:\/\/www.radiosanctispiritus.cu\/es\/wp-json\/wp\/v2\/posts\/33681\/revisions"}],"wp:featuredmedia":[{"embeddable":true,"href":"https:\/\/www.radiosanctispiritus.cu\/es\/wp-json\/wp\/v2\/media\/33683"}],"wp:attachment":[{"href":"https:\/\/www.radiosanctispiritus.cu\/es\/wp-json\/wp\/v2\/media?parent=33681"}],"wp:term":[{"taxonomy":"category","embeddable":true,"href":"https:\/\/www.radiosanctispiritus.cu\/es\/wp-json\/wp\/v2\/categories?post=33681"},{"taxonomy":"post_tag","embeddable":true,"href":"https:\/\/www.radiosanctispiritus.cu\/es\/wp-json\/wp\/v2\/tags?post=33681"},{"taxonomy":"author","embeddable":true,"href":"https:\/\/www.radiosanctispiritus.cu\/es\/wp-json\/wp\/v2\/coauthors?post=33681"}],"curies":[{"name":"wp","href":"https:\/\/api.w.org\/{rel}","templated":true}]}}