{"id":33280,"date":"2024-08-29T06:05:22","date_gmt":"2024-08-29T10:05:22","guid":{"rendered":"https:\/\/www.radiosanctispiritus.cu\/es\/?p=33280"},"modified":"2024-08-28T22:10:11","modified_gmt":"2024-08-29T02:10:11","slug":"sancti-spiritus-viruela-simica-medidas-a-primer-plano","status":"publish","type":"post","link":"https:\/\/www.radiosanctispiritus.cu\/es\/sancti-spiritus-viruela-simica-medidas-a-primer-plano\/","title":{"rendered":"Sancti Sp\u00edritus: Viruela s\u00edmica, medidas a primer plano"},"content":{"rendered":"<p>Debido al brote de viruela s\u00edmica (mpox), en la Rep\u00fablica Democr\u00e1tica del Congo y en un n\u00famero creciente de pa\u00edses de \u00c1frica, el Director General de la Organizaci\u00f3n Mundial de la Salud declar\u00f3 el pasado 14 de agosto una nueva emergencia de salud p\u00fablica de importancia internacional.<\/p>\n<p>En ese contexto, el sistema sanitario de Sancti Sp\u00edritus implementa acciones para detectar oportunamente casos de esta enfermedad, elemento clave con miras a evitar su propagaci\u00f3n en el territorio nacional y, a la postre, minimizar el impacto de dicha afecci\u00f3n en la salud de la poblaci\u00f3n y en la vida econ\u00f3mico-social del pa\u00eds.<\/p>\n<p>As\u00ed lo manifest\u00f3 la doctora Yuri\u00e9n Negr\u00edn Calvo, subdirectora del Centro Provincial de Higiene, Epidemiolog\u00eda y Microbiolog\u00eda (CPHEM), quien confirm\u00f3 el no reporte actualmente en Cuba de personas con dicha afecci\u00f3n; aunque se refuerza la vigilancia epidemiol\u00f3gica, debido a la nueva emergencia de salud p\u00fablica de importancia internacional, declarada por la Organizaci\u00f3n Mundial de la Salud.<\/p>\n<p>La especialista en Epidemiolog\u00eda record\u00f3 que la Mayor de las Antillas cuenta con experiencia en el enfrentamiento a la viruela s\u00edmica, y aludi\u00f3 a los ocho casos diagnosticados con la enfermedad en 2022, controlados de modo oportuno, gracias a las medidas aplicadas.<\/p>\n<p>Como parte de la actualizaci\u00f3n del Plan nacional de prevenci\u00f3n y enfrentamiento a la viruela s\u00edmica, Sancti Sp\u00edritus mantiene activados los sistemas de vigilancia epidemiol\u00f3gica en todos los niveles de atenci\u00f3n, con la mirada puesta en la detecci\u00f3n de viajeros internacionales con signos y s\u00edntomas sugestivos de la enfermedad, con \u00e9nfasis en aquellos provenientes de naciones que reportan pacientes infestados, ejemplific\u00f3 Negr\u00edn Calvo.<\/p>\n<p>De acuerdo con la funcionaria del CPHEM, la provincia labora gradualmente en organizar, preparar y garantizar el aseguramiento m\u00e9dico e higi\u00e9nico-epidemiol\u00f3gico para la atenci\u00f3n a los infestados.<\/p>\n<p>Al propio tiempo, se inici\u00f3 el proceso de capacitaci\u00f3n de profesionales, trabajadores y estudiantes de la rama sanitaria acerca de la viruela s\u00edmica y la conducta a seguir, a\u00f1adi\u00f3 la doctora Yuri\u00e9n Negr\u00edn.<\/p>\n<p>El diagn\u00f3stico definitivo de la afecci\u00f3n puede establecerse a trav\u00e9s de pruebas de laboratorio; en el caso de Cuba, ser\u00e1n analizadas en el Instituto de Medicina Tropical Pedro Kour\u00ed, de La Habana.<\/p>\n<p>En el actual brote, notifican casos de mpox en la Rep\u00fablica Democr\u00e1tica del Congo, Burundi, Kenya, Rwanda y Uganda; es causado por una nueva rama del clado Ib y\u00a0 se est\u00e1 propagando entre personas, fundamentalmente, mediante transmisi\u00f3n sexual.<\/p>\n<p>\u00bfC\u00d3MO SE TRASMITE LA VIRUELA S\u00cdMICA?<\/p>\n<p>Expertos de la OMS sostienen que el mpox se transmite entre personas por el contacto f\u00edsico estrecho y directo con las lesiones de la piel o con los fluidos corporales que contengan el virus, en el contexto de las relaciones sexuales u otras situaciones de contacto f\u00edsico continuado y prolongado.<\/p>\n<p>La evidencia cient\u00edfica muestra, adem\u00e1s, que la viruela s\u00edmica podr\u00eda transmitirse por otros mecanismos; sin embargo, en el brote actual resultan de menor significaci\u00f3n (por gotas respiratorias u objetos contaminados con los fluidos corporales).<\/p>\n<p>El virus entra en el cuerpo mediante diferentes v\u00edas: las heridas o rasgu\u00f1os en la piel, las mucosas (genital, ojos, nariz y boca) y el tracto respiratorio, refieren los especialistas.<\/p>\n<p>SIGNOS Y S\u00cdNTOMAS<\/p>\n<p>Seg\u00fan estudios, el periodo de incubaci\u00f3n (intervalo entre la infecci\u00f3n y la aparici\u00f3n de los s\u00edntomas) de la viruela s\u00edmica suele ser de 6 a 16 d\u00edas, aunque puede variar entre 5 y 21 d\u00edas.<\/p>\n<p>El periodo de invasi\u00f3n (entre los d\u00edas 0 y 5), se caracteriza por fiebre, cefalea intensa, linfadenopat\u00eda (inflamaci\u00f3n de los ganglios linf\u00e1ticos), dolor lumbar, mialgias (dolores musculares) y astenia intensa (falta de energ\u00eda);<\/p>\n<p>Puede presentarse erupci\u00f3n cut\u00e1nea (entre 1 y 3 d\u00edas despu\u00e9s del inicio de la fiebre), cuando aparecen las distintas fases del exantema, que por lo general afecta primero al rostro y luego se extiende al resto del cuerpo.<\/p>\n<p>El n\u00famero de lesiones var\u00eda desde unas pocas hasta varios miles, y afectan a las mucosas de la boca, los genitales, la conjuntiva palpebral y la c\u00f3rnea.<\/p>\n","protected":false},"excerpt":{"rendered":"<p>El sistema sanitario de Sancti Sp\u00edritus implementa acciones para detectar oportunamente casos de esta enfermedad, elemento clave con miras a evitar su propagaci\u00f3n y, a la postre, minimizar el impacto de dicha afecci\u00f3n en la salud de la poblaci\u00f3n y en la vida econ\u00f3mico-social del pa\u00eds.<\/p>\n","protected":false},"author":10,"featured_media":33281,"comment_status":"open","ping_status":"open","sticky":false,"template":"","format":"standard","meta":{"_acf_changed":false,"footnotes":""},"categories":[1],"tags":[944,943,24,386],"coauthors":[],"class_list":["post-33280","post","type-post","status-publish","format-standard","has-post-thumbnail","hentry","category-sancti-spiritus","tag-epidemiologia","tag-higiene","tag-salud","tag-viruela-simica"],"acf":[],"_links":{"self":[{"href":"https:\/\/www.radiosanctispiritus.cu\/es\/wp-json\/wp\/v2\/posts\/33280","targetHints":{"allow":["GET"]}}],"collection":[{"href":"https:\/\/www.radiosanctispiritus.cu\/es\/wp-json\/wp\/v2\/posts"}],"about":[{"href":"https:\/\/www.radiosanctispiritus.cu\/es\/wp-json\/wp\/v2\/types\/post"}],"author":[{"embeddable":true,"href":"https:\/\/www.radiosanctispiritus.cu\/es\/wp-json\/wp\/v2\/users\/10"}],"replies":[{"embeddable":true,"href":"https:\/\/www.radiosanctispiritus.cu\/es\/wp-json\/wp\/v2\/comments?post=33280"}],"version-history":[{"count":0,"href":"https:\/\/www.radiosanctispiritus.cu\/es\/wp-json\/wp\/v2\/posts\/33280\/revisions"}],"wp:featuredmedia":[{"embeddable":true,"href":"https:\/\/www.radiosanctispiritus.cu\/es\/wp-json\/wp\/v2\/media\/33281"}],"wp:attachment":[{"href":"https:\/\/www.radiosanctispiritus.cu\/es\/wp-json\/wp\/v2\/media?parent=33280"}],"wp:term":[{"taxonomy":"category","embeddable":true,"href":"https:\/\/www.radiosanctispiritus.cu\/es\/wp-json\/wp\/v2\/categories?post=33280"},{"taxonomy":"post_tag","embeddable":true,"href":"https:\/\/www.radiosanctispiritus.cu\/es\/wp-json\/wp\/v2\/tags?post=33280"},{"taxonomy":"author","embeddable":true,"href":"https:\/\/www.radiosanctispiritus.cu\/es\/wp-json\/wp\/v2\/coauthors?post=33280"}],"curies":[{"name":"wp","href":"https:\/\/api.w.org\/{rel}","templated":true}]}}