{"id":33201,"date":"2024-08-28T04:10:31","date_gmt":"2024-08-28T08:10:31","guid":{"rendered":"https:\/\/www.radiosanctispiritus.cu\/es\/?p=33201"},"modified":"2024-08-27T23:35:59","modified_gmt":"2024-08-28T03:35:59","slug":"consulta-de-la-memoria-se-consolida-en-yaguajay","status":"publish","type":"post","link":"https:\/\/www.radiosanctispiritus.cu\/es\/consulta-de-la-memoria-se-consolida-en-yaguajay\/","title":{"rendered":"Consulta de la memoria se consolida en Yaguajay"},"content":{"rendered":"<p>Con el prop\u00f3sito de diagnosticar de forma temprana alg\u00fan tipo de deterioro cognitivo en los pacientes, ya sea leve, moderado o severo, y proceder de inmediato a su tratamiento, en Yaguajay se consolida la consulta de la memoria. Aray Ben\u00edtez Hern\u00e1ndez, asesora municipal del adulto mayor en la Direcci\u00f3n de Salud del territorio, explic\u00f3 a la radio que dicha prestaci\u00f3n llega una vez a la semana a las cuatro \u00e1reas de salud del norte espirituano y es impartida por un equipo multidisciplinario. Este equipo est\u00e1 compuesto por la geriatra, la trabajadora social, la psic\u00f3loga y, dependiendo de la necesidad o demanda del paciente, se puede incluir otro especialista.<\/p>\n<p>Ben\u00edtez Hern\u00e1ndez confirm\u00f3, adem\u00e1s, que hasta la fecha la consulta ha atendido a m\u00e1s de ciento ochenta pacientes, quienes reciben una adecuada atenci\u00f3n por parte de los especialistas. En ella se determina, primeramente, si el paciente tiene alg\u00fan deterioro o no. En segundo lugar, se determina si es propio de la edad o de alguna patolog\u00eda asociada, como puede ser la demencia de diferentes causas. Casi siempre, el ochenta y cinco por ciento puede ser causado por el Alzheimer y el resto por una demencia que tambi\u00e9n puede ser por el Parkinson o por alguna enfermedad cerebrovascular, entre otras causas.<\/p>\n<p>La consulta de la memoria funciona desde hace m\u00e1s de un a\u00f1o en Yaguajay, un servicio que les ofrece un tratamiento oportuno a los pacientes en pos de evitar la progresi\u00f3n de cualquier tipo de deterioro cognitivo, al tiempo que tambi\u00e9n brinda seguimiento a los cuidadores de este grupo etario. Se consolida la consulta de la memoria en Yaguajay.<\/p>\n<p><iframe src=\"https:\/\/www.ivoox.com\/player_ej_133210976_6_1.html?c1=7a0d0b\" width=\"100%\" height=\"200\" frameborder=\"0\" allowfullscreen=\"\" scrolling=\"no\" loading=\"lazy\"><\/iframe><\/p>\n","protected":false},"excerpt":{"rendered":"<p>Con el prop\u00f3sito de diagnosticar de forma temprana alg\u00fan tipo de deterioro cognitivo en los pacientes, ya sea leve, moderado o severo, y proceder de inmediato a su tratamiento, en Yaguajay se consolida la consulta de la memoria. <\/p>\n","protected":false},"author":161,"featured_media":33206,"comment_status":"open","ping_status":"open","sticky":false,"template":"","format":"standard","meta":{"_acf_changed":false,"footnotes":""},"categories":[8,5,1],"tags":[],"coauthors":[],"class_list":["post-33201","post","type-post","status-publish","format-standard","has-post-thumbnail","hentry","category-noticia","category-salud","category-sancti-spiritus"],"acf":[],"_links":{"self":[{"href":"https:\/\/www.radiosanctispiritus.cu\/es\/wp-json\/wp\/v2\/posts\/33201","targetHints":{"allow":["GET"]}}],"collection":[{"href":"https:\/\/www.radiosanctispiritus.cu\/es\/wp-json\/wp\/v2\/posts"}],"about":[{"href":"https:\/\/www.radiosanctispiritus.cu\/es\/wp-json\/wp\/v2\/types\/post"}],"author":[{"embeddable":true,"href":"https:\/\/www.radiosanctispiritus.cu\/es\/wp-json\/wp\/v2\/users\/161"}],"replies":[{"embeddable":true,"href":"https:\/\/www.radiosanctispiritus.cu\/es\/wp-json\/wp\/v2\/comments?post=33201"}],"version-history":[{"count":0,"href":"https:\/\/www.radiosanctispiritus.cu\/es\/wp-json\/wp\/v2\/posts\/33201\/revisions"}],"wp:featuredmedia":[{"embeddable":true,"href":"https:\/\/www.radiosanctispiritus.cu\/es\/wp-json\/wp\/v2\/media\/33206"}],"wp:attachment":[{"href":"https:\/\/www.radiosanctispiritus.cu\/es\/wp-json\/wp\/v2\/media?parent=33201"}],"wp:term":[{"taxonomy":"category","embeddable":true,"href":"https:\/\/www.radiosanctispiritus.cu\/es\/wp-json\/wp\/v2\/categories?post=33201"},{"taxonomy":"post_tag","embeddable":true,"href":"https:\/\/www.radiosanctispiritus.cu\/es\/wp-json\/wp\/v2\/tags?post=33201"},{"taxonomy":"author","embeddable":true,"href":"https:\/\/www.radiosanctispiritus.cu\/es\/wp-json\/wp\/v2\/coauthors?post=33201"}],"curies":[{"name":"wp","href":"https:\/\/api.w.org\/{rel}","templated":true}]}}