{"id":33157,"date":"2024-08-27T15:39:36","date_gmt":"2024-08-27T19:39:36","guid":{"rendered":"https:\/\/www.radiosanctispiritus.cu\/es\/?p=33157"},"modified":"2024-08-27T22:45:12","modified_gmt":"2024-08-28T02:45:12","slug":"guerrilla-artistico-literaria-subio-su-arte-al-lomerio","status":"publish","type":"post","link":"https:\/\/www.radiosanctispiritus.cu\/es\/guerrilla-artistico-literaria-subio-su-arte-al-lomerio\/","title":{"rendered":"Guerrilla art\u00edstico literaria subi\u00f3 su arte al lomer\u00edo"},"content":{"rendered":"<p>La Guerrilla Art\u00edstico-literaria Entre Monta\u00f1as, un proyecto de la AHS,\u00a0 regala el talento de los j\u00f3venes que\u00a0 se unieron en el espect\u00e1culo de cierre del verano en el lomer\u00edo de Topes de Collante con los integrantes de las cruzadas provenientes de Cienfuegos y Villa Clara.<\/p>\n<p><iframe src=\"https:\/\/www.ivoox.com\/player_ej_133202168_6_1.html\" width=\"100%\" height=\"200\" frameborder=\"0\" scrolling=\"no\" allowfullscreen=\"allowfullscreen\"><\/iframe><\/p>\n","protected":false},"excerpt":{"rendered":"<p>La Guerrilla Art\u00edstico-literaria Entre Monta\u00f1as, un proyecto de la AHS,\u00a0 regala el talento de los j\u00f3venes que\u00a0 se unieron en el espect\u00e1culo de cierre del verano en el lomer\u00edo de Topes de Collante con los integrantes de las cruzadas provenientes de Cienfuegos y Villa Clara.<\/p>\n","protected":false},"author":12,"featured_media":33189,"comment_status":"open","ping_status":"open","sticky":false,"template":"","format":"standard","meta":{"_acf_changed":false,"footnotes":""},"categories":[6,8,1],"tags":[],"coauthors":[],"class_list":["post-33157","post","type-post","status-publish","format-standard","has-post-thumbnail","hentry","category-cultura","category-noticia","category-sancti-spiritus"],"acf":[],"_links":{"self":[{"href":"https:\/\/www.radiosanctispiritus.cu\/es\/wp-json\/wp\/v2\/posts\/33157","targetHints":{"allow":["GET"]}}],"collection":[{"href":"https:\/\/www.radiosanctispiritus.cu\/es\/wp-json\/wp\/v2\/posts"}],"about":[{"href":"https:\/\/www.radiosanctispiritus.cu\/es\/wp-json\/wp\/v2\/types\/post"}],"author":[{"embeddable":true,"href":"https:\/\/www.radiosanctispiritus.cu\/es\/wp-json\/wp\/v2\/users\/12"}],"replies":[{"embeddable":true,"href":"https:\/\/www.radiosanctispiritus.cu\/es\/wp-json\/wp\/v2\/comments?post=33157"}],"version-history":[{"count":0,"href":"https:\/\/www.radiosanctispiritus.cu\/es\/wp-json\/wp\/v2\/posts\/33157\/revisions"}],"wp:featuredmedia":[{"embeddable":true,"href":"https:\/\/www.radiosanctispiritus.cu\/es\/wp-json\/wp\/v2\/media\/33189"}],"wp:attachment":[{"href":"https:\/\/www.radiosanctispiritus.cu\/es\/wp-json\/wp\/v2\/media?parent=33157"}],"wp:term":[{"taxonomy":"category","embeddable":true,"href":"https:\/\/www.radiosanctispiritus.cu\/es\/wp-json\/wp\/v2\/categories?post=33157"},{"taxonomy":"post_tag","embeddable":true,"href":"https:\/\/www.radiosanctispiritus.cu\/es\/wp-json\/wp\/v2\/tags?post=33157"},{"taxonomy":"author","embeddable":true,"href":"https:\/\/www.radiosanctispiritus.cu\/es\/wp-json\/wp\/v2\/coauthors?post=33157"}],"curies":[{"name":"wp","href":"https:\/\/api.w.org\/{rel}","templated":true}]}}