{"id":33006,"date":"2024-08-24T11:27:41","date_gmt":"2024-08-24T15:27:41","guid":{"rendered":"https:\/\/www.radiosanctispiritus.cu\/es\/?p=33006"},"modified":"2024-08-26T09:43:32","modified_gmt":"2024-08-26T13:43:32","slug":"restablecen-el-orden-en-areas-exteriores-del-hospital-camilo-cienfuegos","status":"publish","type":"post","link":"https:\/\/www.radiosanctispiritus.cu\/es\/restablecen-el-orden-en-areas-exteriores-del-hospital-camilo-cienfuegos\/","title":{"rendered":"Retorna el orden a \u00e1reas exteriores del Hospital Camilo Cienfuegos"},"content":{"rendered":"<p>Ante un grupo de violaciones de la legalidad en \u00e1reas exteriores del Hospital Cl\u00ednico Quir\u00fargico Camilo Cienfuegos, de Sancti Sp\u00edritus, donde mayormente opera el Sistema Integrado de Urgencias M\u00e9dicas, una comisi\u00f3n provincial procedi\u00f3 de acuerdo con lo previsto en funci\u00f3n de restablecer el orden y la disciplina en aras de evitar las afectaciones que estaba sufriendo la importante instalaci\u00f3n sanitaria.<\/p>\n<p>Por la repercusi\u00f3n del hecho, que implic\u00f3 a trabajadores por cuenta propia, el teniente coronel Yester Marrero ofreci\u00f3 declaraciones a Radio Sancti Sp\u00edritus.<\/p>\n<p><iframe src=\"https:\/\/www.ivoox.com\/player_ej_133112749_6_1.html?c1=7a0d0b\" width=\"100%\" height=\"200\" frameborder=\"0\" scrolling=\"no\" allowfullscreen=\"allowfullscreen\"><\/iframe><\/p>\n","protected":false},"excerpt":{"rendered":"<p>Ante un grupo de violaciones de la legalidad en \u00e1reas exteriores del Hospital Cl\u00ednico Quir\u00fargico Camilo Cienfuegos, de Sancti Sp\u00edritus, donde mayormente opera el Sistema Integrado de Urgencias M\u00e9dicas, una comisi\u00f3n provincial procedi\u00f3 de acuerdo con lo previsto en funci\u00f3n de restablecer el orden y la disciplina en aras de evitar las afectaciones que estaba sufriendo la importante instalaci\u00f3n sanitaria.<\/p>\n","protected":false},"author":4,"featured_media":33007,"comment_status":"open","ping_status":"open","sticky":false,"template":"","format":"standard","meta":{"_acf_changed":false,"footnotes":""},"categories":[9,8,1],"tags":[1283,480,213,648,874],"coauthors":[],"class_list":["post-33006","post","type-post","status-publish","format-standard","has-post-thumbnail","hentry","category-en-audio","category-noticia","category-sancti-spiritus","tag-hospital","tag-ilegalidades","tag-minint","tag-pnr","tag-trabajo-por-cuenta-propia"],"acf":[],"_links":{"self":[{"href":"https:\/\/www.radiosanctispiritus.cu\/es\/wp-json\/wp\/v2\/posts\/33006","targetHints":{"allow":["GET"]}}],"collection":[{"href":"https:\/\/www.radiosanctispiritus.cu\/es\/wp-json\/wp\/v2\/posts"}],"about":[{"href":"https:\/\/www.radiosanctispiritus.cu\/es\/wp-json\/wp\/v2\/types\/post"}],"author":[{"embeddable":true,"href":"https:\/\/www.radiosanctispiritus.cu\/es\/wp-json\/wp\/v2\/users\/4"}],"replies":[{"embeddable":true,"href":"https:\/\/www.radiosanctispiritus.cu\/es\/wp-json\/wp\/v2\/comments?post=33006"}],"version-history":[{"count":0,"href":"https:\/\/www.radiosanctispiritus.cu\/es\/wp-json\/wp\/v2\/posts\/33006\/revisions"}],"wp:featuredmedia":[{"embeddable":true,"href":"https:\/\/www.radiosanctispiritus.cu\/es\/wp-json\/wp\/v2\/media\/33007"}],"wp:attachment":[{"href":"https:\/\/www.radiosanctispiritus.cu\/es\/wp-json\/wp\/v2\/media?parent=33006"}],"wp:term":[{"taxonomy":"category","embeddable":true,"href":"https:\/\/www.radiosanctispiritus.cu\/es\/wp-json\/wp\/v2\/categories?post=33006"},{"taxonomy":"post_tag","embeddable":true,"href":"https:\/\/www.radiosanctispiritus.cu\/es\/wp-json\/wp\/v2\/tags?post=33006"},{"taxonomy":"author","embeddable":true,"href":"https:\/\/www.radiosanctispiritus.cu\/es\/wp-json\/wp\/v2\/coauthors?post=33006"}],"curies":[{"name":"wp","href":"https:\/\/api.w.org\/{rel}","templated":true}]}}