{"id":32886,"date":"2024-08-23T05:20:33","date_gmt":"2024-08-23T09:20:33","guid":{"rendered":"https:\/\/www.radiosanctispiritus.cu\/es\/?p=32886"},"modified":"2024-08-23T10:57:47","modified_gmt":"2024-08-23T14:57:47","slug":"cesar-leon-campos-mundamba-cuando-llaman-los-tambores","status":"publish","type":"post","link":"https:\/\/www.radiosanctispiritus.cu\/es\/cesar-leon-campos-mundamba-cuando-llaman-los-tambores\/","title":{"rendered":"\u201cMundamba\u201d: Cuando llaman los tambores"},"content":{"rendered":"<p>El 23 de agosto de 1993 fallece en nuestra ciudad C\u00e9sar Le\u00f3n Campos , \u201cMundamba\u201d como todos lo conoc\u00edan, fue un fiel exponente de la m\u00fasica popular, director de comparsa desde muy joven hasta su jubilaci\u00f3n, luego prosigui\u00f3 con la comparsa infantil hasta dos a\u00f1os antes de su muerte.<\/p>\n<p>Las comparsas forman parte inseparable del Santiago. Con su colorido y bullanguera m\u00fasica ponen una nota de distinci\u00f3n a estos calurosos d\u00edas en que los espirituanos se vuelcan a las calles para celebrar sus fiestas.<\/p>\n<p>Sonido bronco del tambor.La conga, la comparsa. Mover el cuerpo con la incitaci\u00f3n del sonido. Tambores y el bombo autoritario marcando el ritmo. Nos vamos con la conga: \u201cA\u00b4lante con los tambores, Pal Santiago\u201d.<\/p>\n<p>Las comparsas mantuvieron su esp\u00edritu de barrio: Col\u00f3n, Jes\u00fas Mar\u00eda y Bayamo, encuentran representatividad en una tradici\u00f3n que se entronca con la vocaci\u00f3n integradora de los Coros de Claves, que en madrugadas que se pierden en el tiempo, ten\u00edan sus enfrentamientos amistosos en puntos se\u00f1alados de la villa.<\/p>\n<p>Existieron famosos l\u00edderes de comparsas como Mundamba, Nen\u00e9, Bail\u00f3n.\u00a0 M\u00fasicos como el trompetista Labio e plata y Pantera, los requintos Yoyo y Pop\u00f3 y bailadores como Juan Valle, Raimundo Barsay y \u201cTan Tan\u201d.<\/p>\n<p>Cesar Le\u00f3n Campos,\u00a0 \u201cMundamba\u201d, est\u00e1 por derecho propio en ese altar de la tradici\u00f3n. Amistoso, sencillo y hombre de pocas palabras tuvo el don de aglutinar y poner orden en aquella cofrad\u00eda de m\u00fasicos y bailadores donde corr\u00eda el ron.<\/p>\n<p>Con una mirada o apenas un gesto impon\u00eda respeto porque sab\u00eda que del trabajo de todos depend\u00eda el triunfo de la comparsa, del barrio, en el Santiago Espirituano, donde se compet\u00eda no por nada material sino por la alegr\u00eda de saberse vencedor.\u00a0 As\u00ed de a\u00f1o en a\u00f1o.<\/p>\n<p>Mundamba y otros personajes del Santiago forman parte del santuario de nuestras comparsas, de nuestras fiestas. Sus nombres van entretejiendo esa leyenda popular en la que competir en buena lid y llevar el honor de un premio al barrio era el mayor empe\u00f1o.<\/p>\n<p>C\u00e9sar Le\u00f3n Campos, \u201cMundamba\u201d era tambi\u00e9n el Santiago: Cada a\u00f1o sal\u00eda su comparsa en una pugna con las dem\u00e1s, donde ganar era cuesti\u00f3n de honor. Y cada vez se paseaba autoritario, erguido como un dios africano ante la plataforma central, mientras su conga estrenaba cantos provocadores y un sonido endemoniado.<\/p>\n<p>No muere jam\u00e1s quien cultiva tanta alegr\u00eda y Mundamba era de esos hombres.<\/p>\n","protected":false},"excerpt":{"rendered":"<p>El 23 de agosto de 1993 fallece en nuestra ciudad C\u00e9sar Le\u00f3n Campos , \u201cMundamba\u201d como todos lo conoc\u00edan, fue un fiel exponente de la m\u00fasica popular, director de comparsa desde muy joven hasta su jubilaci\u00f3n, luego prosigui\u00f3 con la comparsa infantil hasta dos a\u00f1os antes de su muerte. Las comparsas forman parte inseparable del [&hellip;]<\/p>\n","protected":false},"author":163,"featured_media":32889,"comment_status":"open","ping_status":"open","sticky":false,"template":"","format":"standard","meta":{"_acf_changed":false,"footnotes":""},"categories":[1023],"tags":[],"coauthors":[],"class_list":["post-32886","post","type-post","status-publish","format-standard","has-post-thumbnail","hentry","category-el-balcon-del-soto"],"acf":[],"_links":{"self":[{"href":"https:\/\/www.radiosanctispiritus.cu\/es\/wp-json\/wp\/v2\/posts\/32886","targetHints":{"allow":["GET"]}}],"collection":[{"href":"https:\/\/www.radiosanctispiritus.cu\/es\/wp-json\/wp\/v2\/posts"}],"about":[{"href":"https:\/\/www.radiosanctispiritus.cu\/es\/wp-json\/wp\/v2\/types\/post"}],"author":[{"embeddable":true,"href":"https:\/\/www.radiosanctispiritus.cu\/es\/wp-json\/wp\/v2\/users\/163"}],"replies":[{"embeddable":true,"href":"https:\/\/www.radiosanctispiritus.cu\/es\/wp-json\/wp\/v2\/comments?post=32886"}],"version-history":[{"count":0,"href":"https:\/\/www.radiosanctispiritus.cu\/es\/wp-json\/wp\/v2\/posts\/32886\/revisions"}],"wp:featuredmedia":[{"embeddable":true,"href":"https:\/\/www.radiosanctispiritus.cu\/es\/wp-json\/wp\/v2\/media\/32889"}],"wp:attachment":[{"href":"https:\/\/www.radiosanctispiritus.cu\/es\/wp-json\/wp\/v2\/media?parent=32886"}],"wp:term":[{"taxonomy":"category","embeddable":true,"href":"https:\/\/www.radiosanctispiritus.cu\/es\/wp-json\/wp\/v2\/categories?post=32886"},{"taxonomy":"post_tag","embeddable":true,"href":"https:\/\/www.radiosanctispiritus.cu\/es\/wp-json\/wp\/v2\/tags?post=32886"},{"taxonomy":"author","embeddable":true,"href":"https:\/\/www.radiosanctispiritus.cu\/es\/wp-json\/wp\/v2\/coauthors?post=32886"}],"curies":[{"name":"wp","href":"https:\/\/api.w.org\/{rel}","templated":true}]}}