{"id":3285,"date":"2022-10-12T22:01:39","date_gmt":"2022-10-13T02:01:39","guid":{"rendered":"https:\/\/www.radiosanctispiritus.cu\/es\/?p=3285"},"modified":"2022-10-12T22:01:39","modified_gmt":"2022-10-13T02:01:39","slug":"nueva-frecuencia-de-omnibus-nacionales-desde-sancti-spiritus-hacia-la-habana","status":"publish","type":"post","link":"https:\/\/www.radiosanctispiritus.cu\/es\/nueva-frecuencia-de-omnibus-nacionales-desde-sancti-spiritus-hacia-la-habana\/","title":{"rendered":"Nueva frecuencia de \u00d3mnibus Nacionales desde Sancti Sp\u00edritus hacia La Habana"},"content":{"rendered":"<p>Con la incorporaci\u00f3n de nuevas frecuencias hacia La Habana desde la ciudad del Yayabo y Trinidad, la Unidad Empresarial de Base \u00d3mnibus Nacionales de Sancti Sp\u00edritus garantiza alrededor de sesenta salidas semanales.<\/p>\n<audio class=\"wp-audio-shortcode\" id=\"audio-3285-1\" preload=\"none\" style=\"width: 100%;\" controls=\"controls\"><source type=\"audio\/mpeg\" src=\"https:\/\/www.ivoox.com\/ivette-al-dia-12-10-22_md_93904890_wp_1.mp3?_=1\" \/><a href=\"https:\/\/www.ivoox.com\/ivette-al-dia-12-10-22_md_93904890_wp_1.mp3\" target=\"_blank\" rel=\"noopener\">https:\/\/www.ivoox.com\/ivette-al-dia-12-10-22_md_93904890_wp_1.mp3<\/a><\/audio>\n<p>&nbsp;<\/p>\n","protected":false},"excerpt":{"rendered":"<p>Con la incorporaci\u00f3n de nuevas frecuencias hacia La Habana desde la ciudad del Yayabo y Trinidad, la Unidad Empresarial de Base \u00d3mnibus Nacionales de Sancti Sp\u00edritus garantiza alrededor de sesenta salidas semanales.<\/p>\n","protected":false},"author":28,"featured_media":3286,"comment_status":"open","ping_status":"open","sticky":false,"template":"","format":"standard","meta":{"_acf_changed":false,"footnotes":""},"categories":[9,8,1],"tags":[453,144],"coauthors":[],"class_list":["post-3285","post","type-post","status-publish","format-standard","has-post-thumbnail","hentry","category-en-audio","category-noticia","category-sancti-spiritus","tag-omnibus-nacionales","tag-transporte"],"acf":[],"_links":{"self":[{"href":"https:\/\/www.radiosanctispiritus.cu\/es\/wp-json\/wp\/v2\/posts\/3285","targetHints":{"allow":["GET"]}}],"collection":[{"href":"https:\/\/www.radiosanctispiritus.cu\/es\/wp-json\/wp\/v2\/posts"}],"about":[{"href":"https:\/\/www.radiosanctispiritus.cu\/es\/wp-json\/wp\/v2\/types\/post"}],"author":[{"embeddable":true,"href":"https:\/\/www.radiosanctispiritus.cu\/es\/wp-json\/wp\/v2\/users\/28"}],"replies":[{"embeddable":true,"href":"https:\/\/www.radiosanctispiritus.cu\/es\/wp-json\/wp\/v2\/comments?post=3285"}],"version-history":[{"count":0,"href":"https:\/\/www.radiosanctispiritus.cu\/es\/wp-json\/wp\/v2\/posts\/3285\/revisions"}],"wp:featuredmedia":[{"embeddable":true,"href":"https:\/\/www.radiosanctispiritus.cu\/es\/wp-json\/wp\/v2\/media\/3286"}],"wp:attachment":[{"href":"https:\/\/www.radiosanctispiritus.cu\/es\/wp-json\/wp\/v2\/media?parent=3285"}],"wp:term":[{"taxonomy":"category","embeddable":true,"href":"https:\/\/www.radiosanctispiritus.cu\/es\/wp-json\/wp\/v2\/categories?post=3285"},{"taxonomy":"post_tag","embeddable":true,"href":"https:\/\/www.radiosanctispiritus.cu\/es\/wp-json\/wp\/v2\/tags?post=3285"},{"taxonomy":"author","embeddable":true,"href":"https:\/\/www.radiosanctispiritus.cu\/es\/wp-json\/wp\/v2\/coauthors?post=3285"}],"curies":[{"name":"wp","href":"https:\/\/api.w.org\/{rel}","templated":true}]}}