{"id":32796,"date":"2024-08-21T10:27:44","date_gmt":"2024-08-21T14:27:44","guid":{"rendered":"https:\/\/www.radiosanctispiritus.cu\/es\/?p=32796"},"modified":"2024-08-21T10:27:44","modified_gmt":"2024-08-21T14:27:44","slug":"cuba-aboga-por-mejorar-economia-sin-renunciar-al-socialismo","status":"publish","type":"post","link":"https:\/\/www.radiosanctispiritus.cu\/es\/cuba-aboga-por-mejorar-economia-sin-renunciar-al-socialismo\/","title":{"rendered":"Cuba aboga por mejorar econom\u00eda sin renunciar al Socialismo"},"content":{"rendered":"<p>El primer ministro de Cuba, Manuel Marrero, declar\u00f3 que el gobierno aplicar\u00e1 las pol\u00edticas necesarias para fortalecer la econom\u00eda, sin arriesgar la Revoluci\u00f3n, en una entrevista concedida al canal HispanTV.<\/p>\n<p>Seg\u00fan coment\u00f3, las autoridades de la isla pueden sopesar y aplicar todas las opciones posibles con el prop\u00f3sito de promover el crecimiento econ\u00f3mico, sin \u00abrenunciar a los principios fundacionales de la Revoluci\u00f3n\u00bb.<\/p>\n<p>Jam\u00e1s renunciaremos a nuestro Socialismo de justicia social; lo perfeccionaremos constantemente, porque los tiempos van cambiando y no le tenemos miedo a los cambios, asegur\u00f3.<\/p>\n<p>Marrero realiz\u00f3 esas declaraciones en su visita a Teher\u00e1n en el contexto de la toma de posesi\u00f3n del presidente de Ir\u00e1n, Masud Pezeshkian, recientemente electo para un mandato de cuatro a\u00f1os.<\/p>\n<p>Nosotros vamos a continuar defendiendo la Revoluci\u00f3n, a pesar de todos esos ataques crueles en las redes sociales. Vamos a seguir defendiendo nuestro Socialismo y tenemos para ello un pueblo que est\u00e1 dispuesto a acompa\u00f1arnos en estos duros combates, manifest\u00f3.<\/p>\n<p>Asimismo, critic\u00f3 al gobierno de Donald Trump, que \u00abdurante la pandemia de Covid-19 arreci\u00f3 la hostilidad contra Cuba, al imponer 243 sanciones adicionales al bloqueo; incluso nos negaron comprar en Estados Unidos ox\u00edgeno y material m\u00e9dico\u00bb.<\/p>\n<p>Nosotros nos mantendremos firmes, ratific\u00f3, y agreg\u00f3 que \u00abnuestra principal arma siempre ha sido no ceder, contar con un pueblo que, a pesar de todas las dificultades, quiere mejorar su calidad de vida dentro de la Revoluci\u00f3n\u00bb.<\/p>\n<p>El jefe de Gobierno apunt\u00f3 que las soluciones a los problemas econ\u00f3micos cubanos no van a llegar desde afuera.<\/p>\n<p>Apostamos por buscar c\u00f3mo explotar nuestras potencialidades, manifest\u00f3, y se refiri\u00f3 al programa de gobierno para corregir distorsiones y reimpulsar la econom\u00eda, orientado a detener la inflaci\u00f3n y el incremento de los precios, intervenir el mercado cambiario ilegal y generar m\u00e1s ingresos, entre otros objetivos.<\/p>\n<p>Durante la entrevista, el Primer Ministro trat\u00f3 tambi\u00e9n asuntos referentes a la relaci\u00f3n de la naci\u00f3n caribe\u00f1a con Ir\u00e1n, la posici\u00f3n respecto a la causa palestina, las sanciones al pa\u00eds persa, Venezuela, Cuba y Rusia, y la elecci\u00f3n de Nicol\u00e1s Maduro.<\/p>\n<p>Acerca de los nexos entre los gobiernos y pueblos cubanos e iran\u00edes, afirm\u00f3 que son muy fuertes y tienen posiciones similares en muchos asuntos de importancia global, lo cual manifiestan en los foros internacionales.<\/p>\n<p>Destac\u00f3 que los nexos oficiales cumplieron el 8 de agosto 45 a\u00f1os, los cuales, seg\u00fan opin\u00f3, \u00abhan estado matizados por un constante intercambio al m\u00e1ximo nivel de direcci\u00f3n de los dos estados\u00bb.<\/p>\n<p>A prop\u00f3sito, mencion\u00f3 \u00abla visita a Ir\u00e1n del Comandante en Jefe Fidel Castro, la m\u00e1s reciente visita del presidente Miguel D\u00edaz-Canel; tambi\u00e9n tres presidentes de Ir\u00e1n han ido a Cuba\u00bb y las invitaciones cruzadas entre las autoridades de ambos pa\u00edses, para sendas visitas oficiales pr\u00f3ximamente.<\/p>\n<p>Las relaciones est\u00e1n en un magn\u00edfico momento. Tenemos garant\u00eda de que van a tener continuidad y fortalecimiento. Pezeshkian nos expres\u00f3 que va a fijar la fecha para, antes de finalizar el a\u00f1o, desarrollar en La Habana la Comisi\u00f3n Intergubernamental, revel\u00f3.<\/p>\n<p>Las relaciones pol\u00edticas est\u00e1n al m\u00e1ximo nivel, reiter\u00f3, y aclar\u00f3 que \u00aba pesar de que hemos trabajado intensamente en un convenio de cooperaci\u00f3n, no hemos avanzado a igual nivel en las relaciones econ\u00f3micas y financieras\u00bb.<\/p>\n<p>En el campo de la energ\u00eda, dijo, tenemos importantes negociaciones que necesitamos seguir consolidando, sobre todo en nuestra apuesta para ir a un proceso gradual de dejar los combustibles f\u00f3siles para la generaci\u00f3n de energ\u00eda.<\/p>\n<p>Tambi\u00e9n enumer\u00f3 sectores en los que puede crecer el intercambio, incluidos el transporte, las comunicaciones y la agricultura.<\/p>\n<p>Por otra parte, se\u00f1al\u00f3 que Ir\u00e1n y Cuba comparten el respaldo a la resistencia de Palestina y el repudio a la hostilidad de Israel con ese pueblo.<\/p>\n<p>Los m\u00e1s repudiable ahora es la pasividad con la que la mayor\u00eda del mundo observa el genocidio, \u00absin que haya una actuaci\u00f3n firme, una actuaci\u00f3n sancionadora contra el estado de Israel por toda esa masacre\u00bb, expres\u00f3.<\/p>\n<p>En relaci\u00f3n con las sanciones a Ir\u00e1n, Venezuela, Rusia y Cuba, consider\u00f3 que esas naciones est\u00e1n unidas por los principios que defienden y no bajan la cabeza \u00abante la pretensi\u00f3n del gobierno de Estados Unidos de dominarnos\u00bb.<\/p>\n<p>Marrero tambi\u00e9n felicit\u00f3 al presidente Nicol\u00e1s Maduro por su triunfo electoral y opin\u00f3 que de esa manera el pueblo venezolano realiz\u00f3 \u00abel mejor regalo posible a Hugo Ch\u00e1vez en el aniversario 70 de su natalicio\u00bb.<\/p>\n<p>Asimismo, fustig\u00f3 el empe\u00f1o del gobierno estadounidense de destruir la Revoluci\u00f3n Bolivariana y sus intentos de evitar el triunfo de Maduro.<\/p>\n","protected":false},"excerpt":{"rendered":"<p>El primer ministro de Cuba, Manuel Marrero, declar\u00f3 que el gobierno aplicar\u00e1 las pol\u00edticas necesarias para fortalecer la econom\u00eda, sin arriesgar la Revoluci\u00f3n, en una entrevista concedida al canal HispanTV.<\/p>\n","protected":false},"author":22,"featured_media":32798,"comment_status":"open","ping_status":"open","sticky":false,"template":"","format":"standard","meta":{"_acf_changed":false,"footnotes":""},"categories":[3,8],"tags":[964,56,55],"coauthors":[],"class_list":["post-32796","post","type-post","status-publish","format-standard","has-post-thumbnail","hentry","category-cuba","category-noticia","tag-economia-cubana","tag-manuel-marrero","tag-primer-ministro-de-cuba"],"acf":[],"_links":{"self":[{"href":"https:\/\/www.radiosanctispiritus.cu\/es\/wp-json\/wp\/v2\/posts\/32796","targetHints":{"allow":["GET"]}}],"collection":[{"href":"https:\/\/www.radiosanctispiritus.cu\/es\/wp-json\/wp\/v2\/posts"}],"about":[{"href":"https:\/\/www.radiosanctispiritus.cu\/es\/wp-json\/wp\/v2\/types\/post"}],"author":[{"embeddable":true,"href":"https:\/\/www.radiosanctispiritus.cu\/es\/wp-json\/wp\/v2\/users\/22"}],"replies":[{"embeddable":true,"href":"https:\/\/www.radiosanctispiritus.cu\/es\/wp-json\/wp\/v2\/comments?post=32796"}],"version-history":[{"count":0,"href":"https:\/\/www.radiosanctispiritus.cu\/es\/wp-json\/wp\/v2\/posts\/32796\/revisions"}],"wp:featuredmedia":[{"embeddable":true,"href":"https:\/\/www.radiosanctispiritus.cu\/es\/wp-json\/wp\/v2\/media\/32798"}],"wp:attachment":[{"href":"https:\/\/www.radiosanctispiritus.cu\/es\/wp-json\/wp\/v2\/media?parent=32796"}],"wp:term":[{"taxonomy":"category","embeddable":true,"href":"https:\/\/www.radiosanctispiritus.cu\/es\/wp-json\/wp\/v2\/categories?post=32796"},{"taxonomy":"post_tag","embeddable":true,"href":"https:\/\/www.radiosanctispiritus.cu\/es\/wp-json\/wp\/v2\/tags?post=32796"},{"taxonomy":"author","embeddable":true,"href":"https:\/\/www.radiosanctispiritus.cu\/es\/wp-json\/wp\/v2\/coauthors?post=32796"}],"curies":[{"name":"wp","href":"https:\/\/api.w.org\/{rel}","templated":true}]}}