{"id":32776,"date":"2024-08-20T21:13:45","date_gmt":"2024-08-21T01:13:45","guid":{"rendered":"https:\/\/www.radiosanctispiritus.cu\/es\/?p=32776"},"modified":"2024-08-20T21:13:45","modified_gmt":"2024-08-21T01:13:45","slug":"confirman-amplia-presencia-de-murcielagos-en-sancti-spiritus","status":"publish","type":"post","link":"https:\/\/www.radiosanctispiritus.cu\/es\/confirman-amplia-presencia-de-murcielagos-en-sancti-spiritus\/","title":{"rendered":"Confirman amplia presencia de murci\u00e9lagos en Sancti Sp\u00edritus"},"content":{"rendered":"<p>En atardeceres y amaneceres de Cuba se avista el vuelo de los murci\u00e9lagos a la caza de insectos y otros alimentos, mam\u00edfero alado con una amplia representaci\u00f3n hoy en esta provincia del centro de la isla.<\/p>\n<p>Luis Olmo Jaz, Presidente del Grupo espeleol\u00f3gico Sama, dijo a Prensa Latina, que el territorio de Sancti Sp\u00edritus, de abundantes monta\u00f1as, cavernas, cuevas y sus cayos de piedra del norte de Yaguajay, favorecen la protecci\u00f3n y la reproducci\u00f3n de las especies.<\/p>\n<p>El medio ambiente en el territorio espirituano es ideal para mantener a salvo el \u00fanico mam\u00edfero planeador -no vuela como muchos creen-, se desliza con las corriente de aire y lo hace m\u00e1s veloz que las aves, afirma el investigador.<\/p>\n<p>Pertenecen al Orden Chiroptera que en griego significa \u201cmano alada\u201d (cheir mano, y pteron ala) y alimenta a sus cr\u00edas con leche y las especies se distinguen tambi\u00e9n por tener diferencia en sus dentauras, de acuerdo a sus h\u00e1bitos de vida.<\/p>\n<p>Sobre su naturaleza explic\u00f3 que su evoluci\u00f3n data de millones de a\u00f1os con presencia en todo el mundo, desempe\u00f1ando un papel ecol\u00f3gico vital como polinizador, controlador de plagas de insectos y peque\u00f1os vertebrados y en la dispersi\u00f3n de semillas.<\/p>\n<p>De las 26 especies de murci\u00e9lagos descritas en la mayor de las Antillas, en la provincia espirituana est\u00e1 representada la generalidad y algunas exclusivas en las cavernas en el mar, coment\u00f3 Olmo Jaz.<\/p>\n<p>Los quir\u00f3pteros viven adem\u00e1s dentro del follaje, techos, oquedades de \u00e1rboles, en locales desabitados, minas y pozos. De las especies, 20 comen insectos, cuatro se alimentan con n\u00e9ctar o polen, dos de frutas y una atrapa peces en vuelo rasante sobre el mar, lagos y r\u00edos.<\/p>\n<p>Destac\u00f3 la especie de murci\u00e9lago pescador (Noctilio leporinus) pr\u00e1cticamente extinguida en el norte de esta central provincia, y se viene reprobando en los \u00faltimos lustros en el Parque Nacional Caguanes, declarado por la Organizaci\u00f3n de las Naciones Unidas para la Educaci\u00f3n, la Ciencia y la Cultura (Unesco) como Reserva de la Biosfera.<\/p>\n<p>El presidente del grupo Sama revel\u00f3 que las primeras observaciones sobre el murci\u00e9lago pescador se hicieron de forma conjunta con especialistas norteamericanos que participan en el Proyecto de estudios de cuevas y el carso en Cuba.<\/p>\n<p>Los murci\u00e9lagos representan una parte importante de la mastofauna cubana, por ello los esfuerzos para lograr su protecci\u00f3n y la conservaci\u00f3n, se\u00f1al\u00f3 el especialista.<\/p>\n","protected":false},"excerpt":{"rendered":"<p>En atardeceres y amaneceres de Cuba se avista el vuelo de los murci\u00e9lagos a la caza de insectos y otros alimentos, mam\u00edfero alado con una amplia representaci\u00f3n hoy en esta provincia del centro de la isla.<\/p>\n","protected":false},"author":22,"featured_media":32777,"comment_status":"open","ping_status":"open","sticky":false,"template":"","format":"standard","meta":{"_acf_changed":false,"footnotes":""},"categories":[8,1],"tags":[202,246],"coauthors":[],"class_list":["post-32776","post","type-post","status-publish","format-standard","has-post-thumbnail","hentry","category-noticia","category-sancti-spiritus","tag-fauna","tag-flora-y-fauna"],"acf":[],"_links":{"self":[{"href":"https:\/\/www.radiosanctispiritus.cu\/es\/wp-json\/wp\/v2\/posts\/32776","targetHints":{"allow":["GET"]}}],"collection":[{"href":"https:\/\/www.radiosanctispiritus.cu\/es\/wp-json\/wp\/v2\/posts"}],"about":[{"href":"https:\/\/www.radiosanctispiritus.cu\/es\/wp-json\/wp\/v2\/types\/post"}],"author":[{"embeddable":true,"href":"https:\/\/www.radiosanctispiritus.cu\/es\/wp-json\/wp\/v2\/users\/22"}],"replies":[{"embeddable":true,"href":"https:\/\/www.radiosanctispiritus.cu\/es\/wp-json\/wp\/v2\/comments?post=32776"}],"version-history":[{"count":0,"href":"https:\/\/www.radiosanctispiritus.cu\/es\/wp-json\/wp\/v2\/posts\/32776\/revisions"}],"wp:featuredmedia":[{"embeddable":true,"href":"https:\/\/www.radiosanctispiritus.cu\/es\/wp-json\/wp\/v2\/media\/32777"}],"wp:attachment":[{"href":"https:\/\/www.radiosanctispiritus.cu\/es\/wp-json\/wp\/v2\/media?parent=32776"}],"wp:term":[{"taxonomy":"category","embeddable":true,"href":"https:\/\/www.radiosanctispiritus.cu\/es\/wp-json\/wp\/v2\/categories?post=32776"},{"taxonomy":"post_tag","embeddable":true,"href":"https:\/\/www.radiosanctispiritus.cu\/es\/wp-json\/wp\/v2\/tags?post=32776"},{"taxonomy":"author","embeddable":true,"href":"https:\/\/www.radiosanctispiritus.cu\/es\/wp-json\/wp\/v2\/coauthors?post=32776"}],"curies":[{"name":"wp","href":"https:\/\/api.w.org\/{rel}","templated":true}]}}