{"id":32772,"date":"2024-08-20T19:02:21","date_gmt":"2024-08-20T23:02:21","guid":{"rendered":"https:\/\/www.radiosanctispiritus.cu\/es\/?p=32772"},"modified":"2024-08-20T17:09:31","modified_gmt":"2024-08-20T21:09:31","slug":"establecimientos-gastronomicos-garantizan-alimentacion-a-personas-vulnerables","status":"publish","type":"post","link":"https:\/\/www.radiosanctispiritus.cu\/es\/establecimientos-gastronomicos-garantizan-alimentacion-a-personas-vulnerables\/","title":{"rendered":"Establecimientos gastron\u00f3micos garantizan alimentaci\u00f3n a personas vulnerables"},"content":{"rendered":"<p>El Sistema de Atenci\u00f3n a la Familia en la provincia de Sancti Sp\u00edritus beneficia m\u00e1s de dos mil asistenciados en situaci\u00f3n de vulnerabilidad mediante el funcionamiento de unidades gastron\u00f3micas que tienen el objetivo de satisfacer las necesidades b\u00e1sicas alimentarias.<\/p>\n<p><iframe src=\"https:\/\/www.ivoox.com\/player_ej_132983899_6_1.html\" width=\"100%\" height=\"200\" frameborder=\"0\" scrolling=\"no\" allowfullscreen=\"allowfullscreen\"><\/iframe><\/p>\n","protected":false},"excerpt":{"rendered":"<p>El Sistema de Atenci\u00f3n a la Familia en la provincia de Sancti Sp\u00edritus beneficia m\u00e1s de dos mil asistenciados en situaci\u00f3n de vulnerabilidad mediante el funcionamiento de unidades gastron\u00f3micas que tienen el objetivo de satisfacer las necesidades b\u00e1sicas alimentarias.<\/p>\n","protected":false},"author":18,"featured_media":26083,"comment_status":"open","ping_status":"open","sticky":false,"template":"","format":"standard","meta":{"_acf_changed":false,"footnotes":""},"categories":[1],"tags":[1095,1278,1191],"coauthors":[],"class_list":["post-32772","post","type-post","status-publish","format-standard","has-post-thumbnail","hentry","category-sancti-spiritus","tag-asistencia-social","tag-atencion-a-la-familia","tag-gastronomia"],"acf":[],"_links":{"self":[{"href":"https:\/\/www.radiosanctispiritus.cu\/es\/wp-json\/wp\/v2\/posts\/32772","targetHints":{"allow":["GET"]}}],"collection":[{"href":"https:\/\/www.radiosanctispiritus.cu\/es\/wp-json\/wp\/v2\/posts"}],"about":[{"href":"https:\/\/www.radiosanctispiritus.cu\/es\/wp-json\/wp\/v2\/types\/post"}],"author":[{"embeddable":true,"href":"https:\/\/www.radiosanctispiritus.cu\/es\/wp-json\/wp\/v2\/users\/18"}],"replies":[{"embeddable":true,"href":"https:\/\/www.radiosanctispiritus.cu\/es\/wp-json\/wp\/v2\/comments?post=32772"}],"version-history":[{"count":0,"href":"https:\/\/www.radiosanctispiritus.cu\/es\/wp-json\/wp\/v2\/posts\/32772\/revisions"}],"wp:featuredmedia":[{"embeddable":true,"href":"https:\/\/www.radiosanctispiritus.cu\/es\/wp-json\/wp\/v2\/media\/26083"}],"wp:attachment":[{"href":"https:\/\/www.radiosanctispiritus.cu\/es\/wp-json\/wp\/v2\/media?parent=32772"}],"wp:term":[{"taxonomy":"category","embeddable":true,"href":"https:\/\/www.radiosanctispiritus.cu\/es\/wp-json\/wp\/v2\/categories?post=32772"},{"taxonomy":"post_tag","embeddable":true,"href":"https:\/\/www.radiosanctispiritus.cu\/es\/wp-json\/wp\/v2\/tags?post=32772"},{"taxonomy":"author","embeddable":true,"href":"https:\/\/www.radiosanctispiritus.cu\/es\/wp-json\/wp\/v2\/coauthors?post=32772"}],"curies":[{"name":"wp","href":"https:\/\/api.w.org\/{rel}","templated":true}]}}