{"id":32502,"date":"2024-08-16T12:07:00","date_gmt":"2024-08-16T16:07:00","guid":{"rendered":"https:\/\/www.radiosanctispiritus.cu\/es\/?p=32502"},"modified":"2024-08-16T10:24:11","modified_gmt":"2024-08-16T14:24:11","slug":"gastronomia-de-cabaiguan-se-suma-a-festejos-populares-este-fin-de-semana","status":"publish","type":"post","link":"https:\/\/www.radiosanctispiritus.cu\/es\/gastronomia-de-cabaiguan-se-suma-a-festejos-populares-este-fin-de-semana\/","title":{"rendered":"Gastronom\u00eda de Cabaigu\u00e1n se suma a festejos populares este fin de semana"},"content":{"rendered":"<p>Con la llegada de las fiestas populares se intensifica el programa recreativo y de gastronom\u00eda a desarrollar en todo el municipio, con opciones para todos los grupos etarios y con presencia de las m\u00e1s emblem\u00e1ticas unidades que hacen gastronom\u00eda en este pedazo de Cuba.<\/p>\n<p>Ricardo Antonio D\u00edaz N\u00fa\u00f1ez, Sub- Director de la Empresa Municipal asegur\u00f3 a esta planta radial que los festejos contar\u00e1n con la presencia de servicios de cafeter\u00eda y bebidas ubicados en la avenida principal y las arterias donde se desarrollan las diferentes actividades y servicios de almuerzo y comidas en los restaurantes con que cuenta la entidad en dichas \u00e1reas, adem\u00e1s de las ofertas que corren a cargo del sector no estatal y las mipymes, encargadas de la prestaci\u00f3n de estos servicios.<\/p>\n<p>Al ofrecer pormenores del programa dirigido fundamentalmente a las familias, el directivo, inform\u00f3 que cada unidad ha sido engalanada y sus espacios acondicionados para recibir a quienes durante estos d\u00edas deciden asistir a dichas instalaciones \u201cconscientes de que juegan un rol importante en el esparcimiento de la poblaci\u00f3n\u201d, seg\u00fan sus propias palabras.<\/p>\n<p>\u201cLa Milanesa\u201d \u201cEl Sevilla\u201d y \u201cCadena Imagen\u201d de la cabecera municipal alistan condiciones y acopian recursos para asegurar una prestaci\u00f3n de servicios a la altura de las exigencias actuales\u201d, a\u00f1adi\u00f3 el directivo y asegur\u00f3 que durante las celebraciones se tomar\u00e1n en cuenta tambi\u00e9n las unidades pertenecientes al Sistema de Atenci\u00f3n a la Familia, \u201cintentando potenciar los recursos que tengamos en esos momentos y combin\u00e1ndolos siempre que sea posible con opciones culturales.<\/p>\n","protected":false},"excerpt":{"rendered":"<p>Con la llegada de las fiestas populares se intensifica el programa recreativo y de gastronom\u00eda a desarrollar en todo el municipio, con opciones para todos los grupos etarios y con presencia de las m\u00e1s emblem\u00e1ticas unidades que hacen gastronom\u00eda en este pedazo de Cuba.<\/p>\n","protected":false},"author":135,"featured_media":32503,"comment_status":"open","ping_status":"open","sticky":false,"template":"","format":"standard","meta":{"_acf_changed":false,"footnotes":""},"categories":[16,8,1],"tags":[133,1274,1191,1265,1238],"coauthors":[],"class_list":["post-32502","post","type-post","status-publish","format-standard","has-post-thumbnail","hentry","category-economia","category-noticia","category-sancti-spiritus","tag-cabaiguan","tag-festejos-populares","tag-gastronomia","tag-modo-verano","tag-verano-2024"],"acf":[],"_links":{"self":[{"href":"https:\/\/www.radiosanctispiritus.cu\/es\/wp-json\/wp\/v2\/posts\/32502","targetHints":{"allow":["GET"]}}],"collection":[{"href":"https:\/\/www.radiosanctispiritus.cu\/es\/wp-json\/wp\/v2\/posts"}],"about":[{"href":"https:\/\/www.radiosanctispiritus.cu\/es\/wp-json\/wp\/v2\/types\/post"}],"author":[{"embeddable":true,"href":"https:\/\/www.radiosanctispiritus.cu\/es\/wp-json\/wp\/v2\/users\/135"}],"replies":[{"embeddable":true,"href":"https:\/\/www.radiosanctispiritus.cu\/es\/wp-json\/wp\/v2\/comments?post=32502"}],"version-history":[{"count":0,"href":"https:\/\/www.radiosanctispiritus.cu\/es\/wp-json\/wp\/v2\/posts\/32502\/revisions"}],"wp:featuredmedia":[{"embeddable":true,"href":"https:\/\/www.radiosanctispiritus.cu\/es\/wp-json\/wp\/v2\/media\/32503"}],"wp:attachment":[{"href":"https:\/\/www.radiosanctispiritus.cu\/es\/wp-json\/wp\/v2\/media?parent=32502"}],"wp:term":[{"taxonomy":"category","embeddable":true,"href":"https:\/\/www.radiosanctispiritus.cu\/es\/wp-json\/wp\/v2\/categories?post=32502"},{"taxonomy":"post_tag","embeddable":true,"href":"https:\/\/www.radiosanctispiritus.cu\/es\/wp-json\/wp\/v2\/tags?post=32502"},{"taxonomy":"author","embeddable":true,"href":"https:\/\/www.radiosanctispiritus.cu\/es\/wp-json\/wp\/v2\/coauthors?post=32502"}],"curies":[{"name":"wp","href":"https:\/\/api.w.org\/{rel}","templated":true}]}}